{"id":15611,"date":"2020-06-10T13:00:14","date_gmt":"2020-06-10T13:00:14","guid":{"rendered":"https:\/\/ncchpp.wpengine.com\/video-1-evelyne\/"},"modified":"2021-09-02T18:08:04","modified_gmt":"2021-09-02T18:08:04","slug":"video-quels-secteurs-doivent-se-regrouper-pour-creer-des-villes-en-sante-et-comment-peuvent-ils-collaborer","status":"publish","type":"post","link":"https:\/\/ccnpps-ncchpp.ca\/fr\/video-quels-secteurs-doivent-se-regrouper-pour-creer-des-villes-en-sante-et-comment-peuvent-ils-collaborer\/","title":{"rendered":"Vid\u00e9o &#8211; Quels secteurs doivent se regrouper pour cr\u00e9er des villes en sant\u00e9 et comment peuvent-ils collaborer?"},"content":{"rendered":"<p>[et_pb_section fb_built=\u00a0\u00bb1&Prime; _builder_version=\u00a0\u00bb3.22&Prime;][et_pb_row _builder_version=\u00a0\u00bb4.9.1&Prime; background_size=\u00a0\u00bbinitial\u00a0\u00bb background_position=\u00a0\u00bbtop_left\u00a0\u00bb background_repeat=\u00a0\u00bbrepeat\u00a0\u00bb custom_margin=\u00a0\u00bb-61px|auto||auto||\u00a0\u00bb custom_padding=\u00a0\u00bb||0px|||\u00a0\u00bb hover_enabled=\u00a0\u00bb0&Prime; sticky_enabled=\u00a0\u00bb0&Prime;][et_pb_column type=\u00a0\u00bb4_4&Prime; _builder_version=\u00a0\u00bb3.25&Prime; custom_padding=\u00a0\u00bb|||\u00a0\u00bb custom_padding__hover=\u00a0\u00bb|||\u00a0\u00bb][et_pb_text _builder_version=\u00a0\u00bb4.9.1&Prime; background_size=\u00a0\u00bbinitial\u00a0\u00bb background_position=\u00a0\u00bbtop_left\u00a0\u00bb background_repeat=\u00a0\u00bbrepeat\u00a0\u00bb]<\/p>\n<p>Dans cette premi\u00e8re capsule, Evelyne de Leeuw d\u00e9crit les secteurs qui ont une influence sur les d\u00e9terminants de la sant\u00e9 et qui doivent \u00eatre mobilis\u00e9s pour la cr\u00e9ation de villes en sant\u00e9. Elle aborde aussi le positionnement du secteur de la sant\u00e9.<\/p>\n<p>Le CCNPPS a r\u00e9alis\u00e9 une entrevue avec Evelyne de Leeuw, experte dans le domaine de la promotion de la sant\u00e9, de l&rsquo;approche des villes-sant\u00e9 et de la sant\u00e9 urbaine. Madame de Leeuw est professeure et directrice du Centre for Health Equity Training, Research &amp; Evaluation (CHETRE) \u00e0 la University of New South Wales \u00e0 Sydney, en Australie.<\/p>\n<p>Cette entrevue vous est pr\u00e9sent\u00e9e en cinq capsules vid\u00e9o o\u00f9 Mme de Leeuw discute de plusieurs dimensions en lien avec la cr\u00e9ation des villes en sant\u00e9.<\/p>\n<p>[\/et_pb_text][et_pb_video src=\u00a0\u00bbhttps:\/\/www.youtube.com\/watch?v=YTVL_VF2CLs\u00a0\u00bb _builder_version=\u00a0\u00bb4.9.1&Prime; _module_preset=\u00a0\u00bbdefault\u00a0\u00bb border_radii=\u00a0\u00bbon|15px|15px|15px|15px\u00a0\u00bb box_shadow_style=\u00a0\u00bbpreset1&Prime;][\/et_pb_video][et_pb_text _builder_version=\u00a0\u00bb4.9.1&Prime; background_size=\u00a0\u00bbinitial\u00a0\u00bb background_position=\u00a0\u00bbtop_left\u00a0\u00bb background_repeat=\u00a0\u00bbrepeat\u00a0\u00bb hover_enabled=\u00a0\u00bb0&Prime; sticky_enabled=\u00a0\u00bb0&Prime;][\/et_pb_text][\/et_pb_column][\/et_pb_row][\/et_pb_section]<\/p>\n","protected":false},"excerpt":{"rendered":"<p>Dans cette premi\u00e8re capsule, Evelyne de Leeuw d\u00e9crit les secteurs qui ont une influence sur les d\u00e9terminants de la sant\u00e9 et qui doivent \u00eatre mobilis\u00e9s pour la cr\u00e9ation de villes en sant\u00e9. Elle aborde aussi le positionnement du secteur de la sant\u00e9. <\/p>\n","protected":false},"author":2,"featured_media":15627,"comment_status":"closed","ping_status":"open","sticky":false,"template":"","format":"standard","meta":{"_et_pb_use_builder":"on","_et_pb_old_content":"","_et_gb_content_width":"","footnotes":""},"categories":[72,160],"tags":[],"class_list":["post-15611","post","type-post","status-publish","format-standard","has-post-thumbnail","hentry","category-videos","category-videos-eis"],"yoast_head":"<!-- This site is optimized with the Yoast SEO Premium plugin v27.5 (Yoast SEO v27.5) - https:\/\/yoast.com\/product\/yoast-seo-premium-wordpress\/ -->\n<title>Vid\u00e9o - Quels secteurs doivent se regrouper pour cr\u00e9er des villes en sant\u00e9 et comment peuvent-ils collaborer? - Centre de collaboration nationale sur les politiques publiques et la sant\u00e9<\/title>\n<meta name=\"robots\" content=\"index, follow, max-snippet:-1, max-image-preview:large, max-video-preview:-1\" \/>\n<link rel=\"canonical\" href=\"https:\/\/ccnpps-ncchpp.ca\/fr\/video-quels-secteurs-doivent-se-regrouper-pour-creer-des-villes-en-sante-et-comment-peuvent-ils-collaborer\/\" \/>\n<meta property=\"og:locale\" content=\"fr_FR\" \/>\n<meta property=\"og:type\" content=\"article\" \/>\n<meta property=\"og:title\" content=\"Vid\u00e9o - Quels secteurs doivent se regrouper pour cr\u00e9er des villes en sant\u00e9 et comment peuvent-ils collaborer?\" \/>\n<meta property=\"og:description\" content=\"Dans cette premi\u00e8re capsule, Evelyne de Leeuw d\u00e9crit les secteurs qui ont une influence sur les d\u00e9terminants de la sant\u00e9 et qui doivent \u00eatre mobilis\u00e9s pour la cr\u00e9ation de villes en sant\u00e9. Elle aborde aussi le positionnement du secteur de la sant\u00e9.\" \/>\n<meta property=\"og:url\" content=\"https:\/\/ccnpps-ncchpp.ca\/fr\/video-quels-secteurs-doivent-se-regrouper-pour-creer-des-villes-en-sante-et-comment-peuvent-ils-collaborer\/\" \/>\n<meta property=\"og:site_name\" content=\"Centre de collaboration nationale sur les politiques publiques et la sant\u00e9\" \/>\n<meta property=\"article:publisher\" content=\"https:\/\/www.facebook.com\/CCNPPS.NCCHPP\" \/>\n<meta property=\"article:published_time\" content=\"2020-06-10T13:00:14+00:00\" \/>\n<meta property=\"article:modified_time\" content=\"2021-09-02T18:08:04+00:00\" \/>\n<meta property=\"og:image\" content=\"https:\/\/ccnpps-ncchpp.ca\/wp-content\/uploads\/2020\/06\/2020-Evelyne-Clip1-FR.jpg\" \/>\n\t<meta property=\"og:image:width\" content=\"300\" \/>\n\t<meta property=\"og:image:height\" content=\"400\" \/>\n\t<meta property=\"og:image:type\" content=\"image\/jpeg\" \/>\n<meta name=\"author\" content=\"admin\" \/>\n<meta name=\"twitter:card\" content=\"summary_large_image\" \/>\n<meta name=\"twitter:creator\" content=\"@NCCHPP\" \/>\n<meta name=\"twitter:site\" content=\"@NCCHPP\" \/>\n<meta name=\"twitter:label1\" content=\"\u00c9crit par\" \/>\n\t<meta name=\"twitter:data1\" content=\"admin\" \/>\n\t<meta name=\"twitter:label2\" content=\"Dur\u00e9e de lecture estim\u00e9e\" \/>\n\t<meta name=\"twitter:data2\" content=\"1 minute\" \/>\n<script type=\"application\/ld+json\" class=\"yoast-schema-graph\">{\"@context\":\"https:\\\/\\\/schema.org\",\"@graph\":[{\"@type\":\"Article\",\"@id\":\"https:\\\/\\\/ccnpps-ncchpp.ca\\\/fr\\\/video-quels-secteurs-doivent-se-regrouper-pour-creer-des-villes-en-sante-et-comment-peuvent-ils-collaborer\\\/#article\",\"isPartOf\":{\"@id\":\"https:\\\/\\\/ccnpps-ncchpp.ca\\\/fr\\\/video-quels-secteurs-doivent-se-regrouper-pour-creer-des-villes-en-sante-et-comment-peuvent-ils-collaborer\\\/\"},\"author\":{\"name\":\"admin\",\"@id\":\"https:\\\/\\\/ccnpps-ncchpp.ca\\\/fr\\\/#\\\/schema\\\/person\\\/a5ced452619e1398edd94ef208f17458\"},\"headline\":\"Vid\u00e9o &#8211; Quels secteurs doivent se regrouper pour cr\u00e9er des villes en sant\u00e9 et comment peuvent-ils collaborer?\",\"datePublished\":\"2020-06-10T13:00:14+00:00\",\"dateModified\":\"2021-09-02T18:08:04+00:00\",\"mainEntityOfPage\":{\"@id\":\"https:\\\/\\\/ccnpps-ncchpp.ca\\\/fr\\\/video-quels-secteurs-doivent-se-regrouper-pour-creer-des-villes-en-sante-et-comment-peuvent-ils-collaborer\\\/\"},\"wordCount\":279,\"publisher\":{\"@id\":\"https:\\\/\\\/ccnpps-ncchpp.ca\\\/fr\\\/#organization\"},\"image\":{\"@id\":\"https:\\\/\\\/ccnpps-ncchpp.ca\\\/fr\\\/video-quels-secteurs-doivent-se-regrouper-pour-creer-des-villes-en-sante-et-comment-peuvent-ils-collaborer\\\/#primaryimage\"},\"thumbnailUrl\":\"https:\\\/\\\/ccnpps-ncchpp.ca\\\/wp-content\\\/uploads\\\/2020\\\/06\\\/2020-Evelyne-Clip1-FR.jpg\",\"articleSection\":[\"Vid\u00e9os\",\"Vid\u00e9os EIS\"],\"inLanguage\":\"fr-FR\"},{\"@type\":\"WebPage\",\"@id\":\"https:\\\/\\\/ccnpps-ncchpp.ca\\\/fr\\\/video-quels-secteurs-doivent-se-regrouper-pour-creer-des-villes-en-sante-et-comment-peuvent-ils-collaborer\\\/\",\"url\":\"https:\\\/\\\/ccnpps-ncchpp.ca\\\/fr\\\/video-quels-secteurs-doivent-se-regrouper-pour-creer-des-villes-en-sante-et-comment-peuvent-ils-collaborer\\\/\",\"name\":\"Vid\u00e9o - Quels secteurs doivent se regrouper pour cr\u00e9er des villes en sant\u00e9 et comment peuvent-ils collaborer? - Centre de collaboration nationale sur les politiques publiques et la sant\u00e9\",\"isPartOf\":{\"@id\":\"https:\\\/\\\/ccnpps-ncchpp.ca\\\/fr\\\/#website\"},\"primaryImageOfPage\":{\"@id\":\"https:\\\/\\\/ccnpps-ncchpp.ca\\\/fr\\\/video-quels-secteurs-doivent-se-regrouper-pour-creer-des-villes-en-sante-et-comment-peuvent-ils-collaborer\\\/#primaryimage\"},\"image\":{\"@id\":\"https:\\\/\\\/ccnpps-ncchpp.ca\\\/fr\\\/video-quels-secteurs-doivent-se-regrouper-pour-creer-des-villes-en-sante-et-comment-peuvent-ils-collaborer\\\/#primaryimage\"},\"thumbnailUrl\":\"https:\\\/\\\/ccnpps-ncchpp.ca\\\/wp-content\\\/uploads\\\/2020\\\/06\\\/2020-Evelyne-Clip1-FR.jpg\",\"datePublished\":\"2020-06-10T13:00:14+00:00\",\"dateModified\":\"2021-09-02T18:08:04+00:00\",\"breadcrumb\":{\"@id\":\"https:\\\/\\\/ccnpps-ncchpp.ca\\\/fr\\\/video-quels-secteurs-doivent-se-regrouper-pour-creer-des-villes-en-sante-et-comment-peuvent-ils-collaborer\\\/#breadcrumb\"},\"inLanguage\":\"fr-FR\",\"potentialAction\":[{\"@type\":\"ReadAction\",\"target\":[\"https:\\\/\\\/ccnpps-ncchpp.ca\\\/fr\\\/video-quels-secteurs-doivent-se-regrouper-pour-creer-des-villes-en-sante-et-comment-peuvent-ils-collaborer\\\/\"]}]},{\"@type\":\"ImageObject\",\"inLanguage\":\"fr-FR\",\"@id\":\"https:\\\/\\\/ccnpps-ncchpp.ca\\\/fr\\\/video-quels-secteurs-doivent-se-regrouper-pour-creer-des-villes-en-sante-et-comment-peuvent-ils-collaborer\\\/#primaryimage\",\"url\":\"https:\\\/\\\/ccnpps-ncchpp.ca\\\/wp-content\\\/uploads\\\/2020\\\/06\\\/2020-Evelyne-Clip1-FR.jpg\",\"contentUrl\":\"https:\\\/\\\/ccnpps-ncchpp.ca\\\/wp-content\\\/uploads\\\/2020\\\/06\\\/2020-Evelyne-Clip1-FR.jpg\",\"width\":300,\"height\":400},{\"@type\":\"BreadcrumbList\",\"@id\":\"https:\\\/\\\/ccnpps-ncchpp.ca\\\/fr\\\/video-quels-secteurs-doivent-se-regrouper-pour-creer-des-villes-en-sante-et-comment-peuvent-ils-collaborer\\\/#breadcrumb\",\"itemListElement\":[{\"@type\":\"ListItem\",\"position\":1,\"name\":\"Accueil\",\"item\":\"https:\\\/\\\/ccnpps-ncchpp.ca\\\/fr\\\/\"},{\"@type\":\"ListItem\",\"position\":2,\"name\":\"Vid\u00e9o &#8211; Quels secteurs doivent se regrouper pour cr\u00e9er des villes en sant\u00e9 et comment peuvent-ils collaborer?\"}]},{\"@type\":\"WebSite\",\"@id\":\"https:\\\/\\\/ccnpps-ncchpp.ca\\\/fr\\\/#website\",\"url\":\"https:\\\/\\\/ccnpps-ncchpp.ca\\\/fr\\\/\",\"name\":\"Centre de collaboration nationale sur les politiques publiques et la sant\u00e9\",\"description\":\"\",\"publisher\":{\"@id\":\"https:\\\/\\\/ccnpps-ncchpp.ca\\\/fr\\\/#organization\"},\"potentialAction\":[{\"@type\":\"SearchAction\",\"target\":{\"@type\":\"EntryPoint\",\"urlTemplate\":\"https:\\\/\\\/ccnpps-ncchpp.ca\\\/fr\\\/?s={search_term_string}\"},\"query-input\":{\"@type\":\"PropertyValueSpecification\",\"valueRequired\":true,\"valueName\":\"search_term_string\"}}],\"inLanguage\":\"fr-FR\"},{\"@type\":\"Organization\",\"@id\":\"https:\\\/\\\/ccnpps-ncchpp.ca\\\/fr\\\/#organization\",\"name\":\"National Collaborating Centre for Healthy Public Policy\",\"alternateName\":\"CCNPPS\",\"url\":\"https:\\\/\\\/ccnpps-ncchpp.ca\\\/fr\\\/\",\"logo\":{\"@type\":\"ImageObject\",\"inLanguage\":\"fr-FR\",\"@id\":\"https:\\\/\\\/ccnpps-ncchpp.ca\\\/fr\\\/#\\\/schema\\\/logo\\\/image\\\/\",\"url\":\"https:\\\/\\\/ccnpps-ncchpp.ca\\\/wp-content\\\/uploads\\\/2021\\\/05\\\/Logorond250px.jpg\",\"contentUrl\":\"https:\\\/\\\/ccnpps-ncchpp.ca\\\/wp-content\\\/uploads\\\/2021\\\/05\\\/Logorond250px.jpg\",\"width\":250,\"height\":250,\"caption\":\"National Collaborating Centre for Healthy Public Policy\"},\"image\":{\"@id\":\"https:\\\/\\\/ccnpps-ncchpp.ca\\\/fr\\\/#\\\/schema\\\/logo\\\/image\\\/\"},\"sameAs\":[\"https:\\\/\\\/www.facebook.com\\\/CCNPPS.NCCHPP\",\"https:\\\/\\\/x.com\\\/NCCHPP\",\"https:\\\/\\\/twitter.com\\\/CCNPPS\"]},{\"@type\":\"Person\",\"@id\":\"https:\\\/\\\/ccnpps-ncchpp.ca\\\/fr\\\/#\\\/schema\\\/person\\\/a5ced452619e1398edd94ef208f17458\",\"name\":\"admin\",\"url\":\"https:\\\/\\\/ccnpps-ncchpp.ca\\\/fr\\\/author\\\/mylene\\\/\"}]}<\/script>\n<!-- \/ Yoast SEO Premium plugin. -->","yoast_head_json":{"title":"Vid\u00e9o - Quels secteurs doivent se regrouper pour cr\u00e9er des villes en sant\u00e9 et comment peuvent-ils collaborer? - Centre de collaboration nationale sur les politiques publiques et la sant\u00e9","robots":{"index":"index","follow":"follow","max-snippet":"max-snippet:-1","max-image-preview":"max-image-preview:large","max-video-preview":"max-video-preview:-1"},"canonical":"https:\/\/ccnpps-ncchpp.ca\/fr\/video-quels-secteurs-doivent-se-regrouper-pour-creer-des-villes-en-sante-et-comment-peuvent-ils-collaborer\/","og_locale":"fr_FR","og_type":"article","og_title":"Vid\u00e9o - Quels secteurs doivent se regrouper pour cr\u00e9er des villes en sant\u00e9 et comment peuvent-ils collaborer?","og_description":"Dans cette premi\u00e8re capsule, Evelyne de Leeuw d\u00e9crit les secteurs qui ont une influence sur les d\u00e9terminants de la sant\u00e9 et qui doivent \u00eatre mobilis\u00e9s pour la cr\u00e9ation de villes en sant\u00e9. Elle aborde aussi le positionnement du secteur de la sant\u00e9.","og_url":"https:\/\/ccnpps-ncchpp.ca\/fr\/video-quels-secteurs-doivent-se-regrouper-pour-creer-des-villes-en-sante-et-comment-peuvent-ils-collaborer\/","og_site_name":"Centre de collaboration nationale sur les politiques publiques et la sant\u00e9","article_publisher":"https:\/\/www.facebook.com\/CCNPPS.NCCHPP","article_published_time":"2020-06-10T13:00:14+00:00","article_modified_time":"2021-09-02T18:08:04+00:00","og_image":[{"width":300,"height":400,"url":"https:\/\/ccnpps-ncchpp.ca\/wp-content\/uploads\/2020\/06\/2020-Evelyne-Clip1-FR.jpg","type":"image\/jpeg"}],"author":"admin","twitter_card":"summary_large_image","twitter_creator":"@NCCHPP","twitter_site":"@NCCHPP","twitter_misc":{"\u00c9crit par":"admin","Dur\u00e9e de lecture estim\u00e9e":"1 minute"},"schema":{"@context":"https:\/\/schema.org","@graph":[{"@type":"Article","@id":"https:\/\/ccnpps-ncchpp.ca\/fr\/video-quels-secteurs-doivent-se-regrouper-pour-creer-des-villes-en-sante-et-comment-peuvent-ils-collaborer\/#article","isPartOf":{"@id":"https:\/\/ccnpps-ncchpp.ca\/fr\/video-quels-secteurs-doivent-se-regrouper-pour-creer-des-villes-en-sante-et-comment-peuvent-ils-collaborer\/"},"author":{"name":"admin","@id":"https:\/\/ccnpps-ncchpp.ca\/fr\/#\/schema\/person\/a5ced452619e1398edd94ef208f17458"},"headline":"Vid\u00e9o &#8211; Quels secteurs doivent se regrouper pour cr\u00e9er des villes en sant\u00e9 et comment peuvent-ils collaborer?","datePublished":"2020-06-10T13:00:14+00:00","dateModified":"2021-09-02T18:08:04+00:00","mainEntityOfPage":{"@id":"https:\/\/ccnpps-ncchpp.ca\/fr\/video-quels-secteurs-doivent-se-regrouper-pour-creer-des-villes-en-sante-et-comment-peuvent-ils-collaborer\/"},"wordCount":279,"publisher":{"@id":"https:\/\/ccnpps-ncchpp.ca\/fr\/#organization"},"image":{"@id":"https:\/\/ccnpps-ncchpp.ca\/fr\/video-quels-secteurs-doivent-se-regrouper-pour-creer-des-villes-en-sante-et-comment-peuvent-ils-collaborer\/#primaryimage"},"thumbnailUrl":"https:\/\/ccnpps-ncchpp.ca\/wp-content\/uploads\/2020\/06\/2020-Evelyne-Clip1-FR.jpg","articleSection":["Vid\u00e9os","Vid\u00e9os EIS"],"inLanguage":"fr-FR"},{"@type":"WebPage","@id":"https:\/\/ccnpps-ncchpp.ca\/fr\/video-quels-secteurs-doivent-se-regrouper-pour-creer-des-villes-en-sante-et-comment-peuvent-ils-collaborer\/","url":"https:\/\/ccnpps-ncchpp.ca\/fr\/video-quels-secteurs-doivent-se-regrouper-pour-creer-des-villes-en-sante-et-comment-peuvent-ils-collaborer\/","name":"Vid\u00e9o - Quels secteurs doivent se regrouper pour cr\u00e9er des villes en sant\u00e9 et comment peuvent-ils collaborer? - Centre de collaboration nationale sur les politiques publiques et la sant\u00e9","isPartOf":{"@id":"https:\/\/ccnpps-ncchpp.ca\/fr\/#website"},"primaryImageOfPage":{"@id":"https:\/\/ccnpps-ncchpp.ca\/fr\/video-quels-secteurs-doivent-se-regrouper-pour-creer-des-villes-en-sante-et-comment-peuvent-ils-collaborer\/#primaryimage"},"image":{"@id":"https:\/\/ccnpps-ncchpp.ca\/fr\/video-quels-secteurs-doivent-se-regrouper-pour-creer-des-villes-en-sante-et-comment-peuvent-ils-collaborer\/#primaryimage"},"thumbnailUrl":"https:\/\/ccnpps-ncchpp.ca\/wp-content\/uploads\/2020\/06\/2020-Evelyne-Clip1-FR.jpg","datePublished":"2020-06-10T13:00:14+00:00","dateModified":"2021-09-02T18:08:04+00:00","breadcrumb":{"@id":"https:\/\/ccnpps-ncchpp.ca\/fr\/video-quels-secteurs-doivent-se-regrouper-pour-creer-des-villes-en-sante-et-comment-peuvent-ils-collaborer\/#breadcrumb"},"inLanguage":"fr-FR","potentialAction":[{"@type":"ReadAction","target":["https:\/\/ccnpps-ncchpp.ca\/fr\/video-quels-secteurs-doivent-se-regrouper-pour-creer-des-villes-en-sante-et-comment-peuvent-ils-collaborer\/"]}]},{"@type":"ImageObject","inLanguage":"fr-FR","@id":"https:\/\/ccnpps-ncchpp.ca\/fr\/video-quels-secteurs-doivent-se-regrouper-pour-creer-des-villes-en-sante-et-comment-peuvent-ils-collaborer\/#primaryimage","url":"https:\/\/ccnpps-ncchpp.ca\/wp-content\/uploads\/2020\/06\/2020-Evelyne-Clip1-FR.jpg","contentUrl":"https:\/\/ccnpps-ncchpp.ca\/wp-content\/uploads\/2020\/06\/2020-Evelyne-Clip1-FR.jpg","width":300,"height":400},{"@type":"BreadcrumbList","@id":"https:\/\/ccnpps-ncchpp.ca\/fr\/video-quels-secteurs-doivent-se-regrouper-pour-creer-des-villes-en-sante-et-comment-peuvent-ils-collaborer\/#breadcrumb","itemListElement":[{"@type":"ListItem","position":1,"name":"Accueil","item":"https:\/\/ccnpps-ncchpp.ca\/fr\/"},{"@type":"ListItem","position":2,"name":"Vid\u00e9o &#8211; Quels secteurs doivent se regrouper pour cr\u00e9er des villes en sant\u00e9 et comment peuvent-ils collaborer?"}]},{"@type":"WebSite","@id":"https:\/\/ccnpps-ncchpp.ca\/fr\/#website","url":"https:\/\/ccnpps-ncchpp.ca\/fr\/","name":"Centre de collaboration nationale sur les politiques publiques et la sant\u00e9","description":"","publisher":{"@id":"https:\/\/ccnpps-ncchpp.ca\/fr\/#organization"},"potentialAction":[{"@type":"SearchAction","target":{"@type":"EntryPoint","urlTemplate":"https:\/\/ccnpps-ncchpp.ca\/fr\/?s={search_term_string}"},"query-input":{"@type":"PropertyValueSpecification","valueRequired":true,"valueName":"search_term_string"}}],"inLanguage":"fr-FR"},{"@type":"Organization","@id":"https:\/\/ccnpps-ncchpp.ca\/fr\/#organization","name":"National Collaborating Centre for Healthy Public Policy","alternateName":"CCNPPS","url":"https:\/\/ccnpps-ncchpp.ca\/fr\/","logo":{"@type":"ImageObject","inLanguage":"fr-FR","@id":"https:\/\/ccnpps-ncchpp.ca\/fr\/#\/schema\/logo\/image\/","url":"https:\/\/ccnpps-ncchpp.ca\/wp-content\/uploads\/2021\/05\/Logorond250px.jpg","contentUrl":"https:\/\/ccnpps-ncchpp.ca\/wp-content\/uploads\/2021\/05\/Logorond250px.jpg","width":250,"height":250,"caption":"National Collaborating Centre for Healthy Public Policy"},"image":{"@id":"https:\/\/ccnpps-ncchpp.ca\/fr\/#\/schema\/logo\/image\/"},"sameAs":["https:\/\/www.facebook.com\/CCNPPS.NCCHPP","https:\/\/x.com\/NCCHPP","https:\/\/twitter.com\/CCNPPS"]},{"@type":"Person","@id":"https:\/\/ccnpps-ncchpp.ca\/fr\/#\/schema\/person\/a5ced452619e1398edd94ef208f17458","name":"admin","url":"https:\/\/ccnpps-ncchpp.ca\/fr\/author\/mylene\/"}]}},"_links":{"self":[{"href":"https:\/\/ccnpps-ncchpp.ca\/fr\/wp-json\/wp\/v2\/posts\/15611","targetHints":{"allow":["GET"]}}],"collection":[{"href":"https:\/\/ccnpps-ncchpp.ca\/fr\/wp-json\/wp\/v2\/posts"}],"about":[{"href":"https:\/\/ccnpps-ncchpp.ca\/fr\/wp-json\/wp\/v2\/types\/post"}],"author":[{"embeddable":true,"href":"https:\/\/ccnpps-ncchpp.ca\/fr\/wp-json\/wp\/v2\/users\/2"}],"replies":[{"embeddable":true,"href":"https:\/\/ccnpps-ncchpp.ca\/fr\/wp-json\/wp\/v2\/comments?post=15611"}],"version-history":[{"count":0,"href":"https:\/\/ccnpps-ncchpp.ca\/fr\/wp-json\/wp\/v2\/posts\/15611\/revisions"}],"wp:featuredmedia":[{"embeddable":true,"href":"https:\/\/ccnpps-ncchpp.ca\/fr\/wp-json\/wp\/v2\/media\/15627"}],"wp:attachment":[{"href":"https:\/\/ccnpps-ncchpp.ca\/fr\/wp-json\/wp\/v2\/media?parent=15611"}],"wp:term":[{"taxonomy":"category","embeddable":true,"href":"https:\/\/ccnpps-ncchpp.ca\/fr\/wp-json\/wp\/v2\/categories?post=15611"},{"taxonomy":"post_tag","embeddable":true,"href":"https:\/\/ccnpps-ncchpp.ca\/fr\/wp-json\/wp\/v2\/tags?post=15611"}],"curies":[{"name":"wp","href":"https:\/\/api.w.org\/{rel}","templated":true}]}}