{"id":24974,"date":"2023-02-01T16:00:15","date_gmt":"2023-02-01T16:00:15","guid":{"rendered":"https:\/\/ccnpps-ncchpp.ca\/?p=24974"},"modified":"2024-05-06T19:38:42","modified_gmt":"2024-05-06T19:38:42","slug":"webinaire-la-sante-dans-toutes-les-politiques-au-quebec-travailler-de-maniere-intersectorielle-pour-promouvoir-la-sante-et-lequite","status":"publish","type":"post","link":"https:\/\/ccnpps-ncchpp.ca\/fr\/webinaire-la-sante-dans-toutes-les-politiques-au-quebec-travailler-de-maniere-intersectorielle-pour-promouvoir-la-sante-et-lequite\/","title":{"rendered":"Webinaire \u2013 La Sant\u00e9 dans toutes les politiques au Qu\u00e9bec : Travailler de mani\u00e8re intersectorielle pour promouvoir la sant\u00e9 et l\u2019\u00e9quit\u00e9"},"content":{"rendered":"<p>[et_pb_section fb_built=\u00a0\u00bb1&Prime; _builder_version=\u00a0\u00bb3.27.4&Prime;][et_pb_row _builder_version=\u00a0\u00bb4.9.1&Prime; background_size=\u00a0\u00bbinitial\u00a0\u00bb background_position=\u00a0\u00bbtop_left\u00a0\u00bb background_repeat=\u00a0\u00bbrepeat\u00a0\u00bb custom_margin=\u00a0\u00bb-61px|auto||auto||\u00a0\u00bb custom_padding=\u00a0\u00bb||0px|||\u00a0\u00bb][et_pb_column type=\u00a0\u00bb4_4&Prime; _builder_version=\u00a0\u00bb3.25&Prime; custom_padding=\u00a0\u00bb|||\u00a0\u00bb custom_padding__hover=\u00a0\u00bb|||\u00a0\u00bb][et_pb_text _builder_version=\u00a0\u00bb4.9.1&Prime; background_size=\u00a0\u00bbinitial\u00a0\u00bb background_position=\u00a0\u00bbtop_left\u00a0\u00bb background_repeat=\u00a0\u00bbrepeat\u00a0\u00bb custom_padding=\u00a0\u00bb||0px|||\u00a0\u00bb]<\/p>\n<p>Ce webinaire faisait partie des activit\u00e9s du Global Network for Health in All Policies (GNHiAP), un r\u00e9seau mondial men\u00e9 par plusieurs pays et dont la mission est de travailler avec diverses parties prenantes pour agir sur les d\u00e9terminants de la sant\u00e9 en renfor\u00e7ant l\u2019approche de la Sant\u00e9 dans toutes les politiques (SdTP). Le webinaire \u00e9tait organis\u00e9 par le minist\u00e8re de la Sant\u00e9 et des Services sociaux du Qu\u00e9bec en collaboration avec le GNHiAP. Ce webinaire s&rsquo;est d\u00e9roul\u00e9 le 30 janvier 2023.<\/p>\n<p>Ce webinaire visait \u00e0 partager l\u2019exp\u00e9rience du Qu\u00e9bec dans la mise en \u0153uvre de sa Politique gouvernementale de pr\u00e9vention en sant\u00e9, une politique qui s\u2019inspire d\u2019une approche de SdTP en mobilisant les leviers des secteurs non sanitaires pour agir sur les d\u00e9terminants de la sant\u00e9.<\/p>\n<p>Le webinaire \u00e9tait offert en anglais et en fran\u00e7ais par le biais de la traduction simultan\u00e9e.<\/p>\n<p>Pour consulter les pr\u00e9sentations ppt, les biographies des pr\u00e9sentateurs et pour d\u00e9couvrir toutes les ressources offertes par le GNHIAP, visitez le <a href=\"https:\/\/actionsdg.ctb.ku.edu\/gnhiap-events\/webinar-health-in-all-policies-in-times-of-covid-19-wellbeing-economics-and-social-protection\/\" target=\"_blank\" rel=\"noopener\">site Internet du GNHiAP<\/a>.<\/p>\n<p>Pour visionner l&rsquo;enregistrement du webinaire, cliquez sur l&rsquo;image ci-dessous.<\/p>\n<p>[\/et_pb_text][et_pb_video src=\u00a0\u00bbhttps:\/\/www.youtube.com\/watch?v=KqLkq2TF4_g\u00a0\u00bb _builder_version=\u00a0\u00bb4.9.1&Prime; max_width=\u00a0\u00bb100%\u00a0\u00bb custom_margin=\u00a0\u00bb2px||100px||false|false\u00a0\u00bb hover_enabled=\u00a0\u00bb0&Prime; custom_css_main_element=\u00a0\u00bbfilter: drop-shadow(2px 4px 6px black);||\t\t\t margin-left: 2px;\u00a0\u00bb border_radii=\u00a0\u00bbon|15px|15px|15px|15px\u00a0\u00bb sticky_enabled=\u00a0\u00bb0&Prime;][\/et_pb_video][\/et_pb_column][\/et_pb_row][\/et_pb_section]<\/p>\n","protected":false},"excerpt":{"rendered":"<p>Ce webinaire, offert par le GNHIAP, visait \u00e0 partager l\u2019exp\u00e9rience du Qu\u00e9bec dans la mise en \u0153uvre de sa Politique gouvernementale de pr\u00e9vention en sant\u00e9, une politique qui s\u2019inspire d\u2019une approche de SdTP en mobilisant les leviers des secteurs non sanitaires pour agir sur les d\u00e9terminants de la sant\u00e9. Il s&rsquo;est d\u00e9roul\u00e9 le lundi 30 janvier 2023.<\/p>\n","protected":false},"author":2,"featured_media":24980,"comment_status":"closed","ping_status":"open","sticky":false,"template":"","format":"standard","meta":{"_et_pb_use_builder":"on","_et_pb_old_content":"","_et_gb_content_width":"","footnotes":""},"categories":[191,115,61,73],"tags":[218,219],"class_list":["post-24974","post","type-post","status-publish","format-standard","has-post-thumbnail","hentry","category-activites-du-gnhiap","category-presentations-ou-webinaires-sdtp","category-sante-dans-toutes-les-politiques","category-webinaires","tag-hiap-fr","tag-sdtp-fr"],"yoast_head":"<!-- This site is optimized with the Yoast SEO Premium plugin v27.5 (Yoast SEO v27.5) - https:\/\/yoast.com\/product\/yoast-seo-premium-wordpress\/ -->\n<title>Webinaire \u2013 La Sant\u00e9 dans toutes les politiques au Qu\u00e9bec : Travailler de mani\u00e8re intersectorielle pour promouvoir la sant\u00e9 et l\u2019\u00e9quit\u00e9 - Centre de collaboration nationale sur les politiques publiques et la sant\u00e9<\/title>\n<meta name=\"description\" content=\"D\u00e9couvrez l\u2019exp\u00e9rience du Qu\u00e9bec dans la mise en \u0153uvre de la PGPS, une politique qui s&#039;inspire de la Sant\u00e9 dans toutes les politiques.\" \/>\n<meta name=\"robots\" content=\"index, follow, max-snippet:-1, max-image-preview:large, max-video-preview:-1\" \/>\n<link rel=\"canonical\" href=\"https:\/\/ccnpps-ncchpp.ca\/fr\/webinaire-la-sante-dans-toutes-les-politiques-au-quebec-travailler-de-maniere-intersectorielle-pour-promouvoir-la-sante-et-lequite\/\" \/>\n<meta property=\"og:locale\" content=\"fr_FR\" \/>\n<meta property=\"og:type\" content=\"article\" \/>\n<meta property=\"og:title\" content=\"Webinaire \u2013 La Sant\u00e9 dans toutes les politiques au Qu\u00e9bec : Travailler de mani\u00e8re intersectorielle pour promouvoir la sant\u00e9 et l\u2019\u00e9quit\u00e9\" \/>\n<meta property=\"og:description\" content=\"D\u00e9couvrez l\u2019exp\u00e9rience du Qu\u00e9bec dans la mise en \u0153uvre de la PGPS, une politique qui s&#039;inspire de la Sant\u00e9 dans toutes les politiques.\" \/>\n<meta property=\"og:url\" content=\"https:\/\/ccnpps-ncchpp.ca\/fr\/webinaire-la-sante-dans-toutes-les-politiques-au-quebec-travailler-de-maniere-intersectorielle-pour-promouvoir-la-sante-et-lequite\/\" \/>\n<meta property=\"og:site_name\" content=\"Centre de collaboration nationale sur les politiques publiques et la sant\u00e9\" \/>\n<meta property=\"article:publisher\" content=\"https:\/\/www.facebook.com\/CCNPPS.NCCHPP\" \/>\n<meta property=\"article:published_time\" content=\"2023-02-01T16:00:15+00:00\" \/>\n<meta property=\"article:modified_time\" content=\"2024-05-06T19:38:42+00:00\" \/>\n<meta property=\"og:image\" content=\"https:\/\/ccnpps-ncchpp.ca\/wp-content\/uploads\/2023\/01\/2023-GNHIAPWebinaireJanvier-FR.png\" \/>\n\t<meta property=\"og:image:width\" content=\"300\" \/>\n\t<meta property=\"og:image:height\" content=\"400\" \/>\n\t<meta property=\"og:image:type\" content=\"image\/png\" \/>\n<meta name=\"author\" content=\"admin\" \/>\n<meta name=\"twitter:card\" content=\"summary_large_image\" \/>\n<meta name=\"twitter:creator\" content=\"@NCCHPP\" \/>\n<meta name=\"twitter:site\" content=\"@NCCHPP\" \/>\n<meta name=\"twitter:label1\" content=\"\u00c9crit par\" \/>\n\t<meta name=\"twitter:data1\" content=\"admin\" \/>\n\t<meta name=\"twitter:label2\" content=\"Dur\u00e9e de lecture estim\u00e9e\" \/>\n\t<meta name=\"twitter:data2\" content=\"1 minute\" \/>\n<script type=\"application\/ld+json\" class=\"yoast-schema-graph\">{\"@context\":\"https:\\\/\\\/schema.org\",\"@graph\":[{\"@type\":\"Article\",\"@id\":\"https:\\\/\\\/ccnpps-ncchpp.ca\\\/fr\\\/webinaire-la-sante-dans-toutes-les-politiques-au-quebec-travailler-de-maniere-intersectorielle-pour-promouvoir-la-sante-et-lequite\\\/#article\",\"isPartOf\":{\"@id\":\"https:\\\/\\\/ccnpps-ncchpp.ca\\\/fr\\\/webinaire-la-sante-dans-toutes-les-politiques-au-quebec-travailler-de-maniere-intersectorielle-pour-promouvoir-la-sante-et-lequite\\\/\"},\"author\":{\"name\":\"admin\",\"@id\":\"https:\\\/\\\/ccnpps-ncchpp.ca\\\/fr\\\/#\\\/schema\\\/person\\\/a5ced452619e1398edd94ef208f17458\"},\"headline\":\"Webinaire \u2013 La Sant\u00e9 dans toutes les politiques au Qu\u00e9bec : Travailler de mani\u00e8re intersectorielle pour promouvoir la sant\u00e9 et l\u2019\u00e9quit\u00e9\",\"datePublished\":\"2023-02-01T16:00:15+00:00\",\"dateModified\":\"2024-05-06T19:38:42+00:00\",\"mainEntityOfPage\":{\"@id\":\"https:\\\/\\\/ccnpps-ncchpp.ca\\\/fr\\\/webinaire-la-sante-dans-toutes-les-politiques-au-quebec-travailler-de-maniere-intersectorielle-pour-promouvoir-la-sante-et-lequite\\\/\"},\"wordCount\":336,\"publisher\":{\"@id\":\"https:\\\/\\\/ccnpps-ncchpp.ca\\\/fr\\\/#organization\"},\"image\":{\"@id\":\"https:\\\/\\\/ccnpps-ncchpp.ca\\\/fr\\\/webinaire-la-sante-dans-toutes-les-politiques-au-quebec-travailler-de-maniere-intersectorielle-pour-promouvoir-la-sante-et-lequite\\\/#primaryimage\"},\"thumbnailUrl\":\"https:\\\/\\\/ccnpps-ncchpp.ca\\\/wp-content\\\/uploads\\\/2023\\\/01\\\/2023-GNHIAPWebinaireJanvier-FR.png\",\"keywords\":[\"#HiAP\",\"#SdTP\"],\"articleSection\":[\"Activit\u00e9s du GNHIAP\",\"Pr\u00e9sentations ou Webinaires SDTP\",\"Sant\u00e9 dans toutes les politiques\",\"Webinaires\"],\"inLanguage\":\"fr-FR\"},{\"@type\":\"WebPage\",\"@id\":\"https:\\\/\\\/ccnpps-ncchpp.ca\\\/fr\\\/webinaire-la-sante-dans-toutes-les-politiques-au-quebec-travailler-de-maniere-intersectorielle-pour-promouvoir-la-sante-et-lequite\\\/\",\"url\":\"https:\\\/\\\/ccnpps-ncchpp.ca\\\/fr\\\/webinaire-la-sante-dans-toutes-les-politiques-au-quebec-travailler-de-maniere-intersectorielle-pour-promouvoir-la-sante-et-lequite\\\/\",\"name\":\"Webinaire \u2013 La Sant\u00e9 dans toutes les politiques au Qu\u00e9bec : Travailler de mani\u00e8re intersectorielle pour promouvoir la sant\u00e9 et l\u2019\u00e9quit\u00e9 - Centre de collaboration nationale sur les politiques publiques et la sant\u00e9\",\"isPartOf\":{\"@id\":\"https:\\\/\\\/ccnpps-ncchpp.ca\\\/fr\\\/#website\"},\"primaryImageOfPage\":{\"@id\":\"https:\\\/\\\/ccnpps-ncchpp.ca\\\/fr\\\/webinaire-la-sante-dans-toutes-les-politiques-au-quebec-travailler-de-maniere-intersectorielle-pour-promouvoir-la-sante-et-lequite\\\/#primaryimage\"},\"image\":{\"@id\":\"https:\\\/\\\/ccnpps-ncchpp.ca\\\/fr\\\/webinaire-la-sante-dans-toutes-les-politiques-au-quebec-travailler-de-maniere-intersectorielle-pour-promouvoir-la-sante-et-lequite\\\/#primaryimage\"},\"thumbnailUrl\":\"https:\\\/\\\/ccnpps-ncchpp.ca\\\/wp-content\\\/uploads\\\/2023\\\/01\\\/2023-GNHIAPWebinaireJanvier-FR.png\",\"datePublished\":\"2023-02-01T16:00:15+00:00\",\"dateModified\":\"2024-05-06T19:38:42+00:00\",\"description\":\"D\u00e9couvrez l\u2019exp\u00e9rience du Qu\u00e9bec dans la mise en \u0153uvre de la PGPS, une politique qui s'inspire de la Sant\u00e9 dans toutes les politiques.\",\"breadcrumb\":{\"@id\":\"https:\\\/\\\/ccnpps-ncchpp.ca\\\/fr\\\/webinaire-la-sante-dans-toutes-les-politiques-au-quebec-travailler-de-maniere-intersectorielle-pour-promouvoir-la-sante-et-lequite\\\/#breadcrumb\"},\"inLanguage\":\"fr-FR\",\"potentialAction\":[{\"@type\":\"ReadAction\",\"target\":[\"https:\\\/\\\/ccnpps-ncchpp.ca\\\/fr\\\/webinaire-la-sante-dans-toutes-les-politiques-au-quebec-travailler-de-maniere-intersectorielle-pour-promouvoir-la-sante-et-lequite\\\/\"]}]},{\"@type\":\"ImageObject\",\"inLanguage\":\"fr-FR\",\"@id\":\"https:\\\/\\\/ccnpps-ncchpp.ca\\\/fr\\\/webinaire-la-sante-dans-toutes-les-politiques-au-quebec-travailler-de-maniere-intersectorielle-pour-promouvoir-la-sante-et-lequite\\\/#primaryimage\",\"url\":\"https:\\\/\\\/ccnpps-ncchpp.ca\\\/wp-content\\\/uploads\\\/2023\\\/01\\\/2023-GNHIAPWebinaireJanvier-FR.png\",\"contentUrl\":\"https:\\\/\\\/ccnpps-ncchpp.ca\\\/wp-content\\\/uploads\\\/2023\\\/01\\\/2023-GNHIAPWebinaireJanvier-FR.png\",\"width\":300,\"height\":400},{\"@type\":\"BreadcrumbList\",\"@id\":\"https:\\\/\\\/ccnpps-ncchpp.ca\\\/fr\\\/webinaire-la-sante-dans-toutes-les-politiques-au-quebec-travailler-de-maniere-intersectorielle-pour-promouvoir-la-sante-et-lequite\\\/#breadcrumb\",\"itemListElement\":[{\"@type\":\"ListItem\",\"position\":1,\"name\":\"Accueil\",\"item\":\"https:\\\/\\\/ccnpps-ncchpp.ca\\\/fr\\\/\"},{\"@type\":\"ListItem\",\"position\":2,\"name\":\"Webinaire \u2013 La Sant\u00e9 dans toutes les politiques au Qu\u00e9bec : Travailler de mani\u00e8re intersectorielle pour promouvoir la sant\u00e9 et l\u2019\u00e9quit\u00e9\"}]},{\"@type\":\"WebSite\",\"@id\":\"https:\\\/\\\/ccnpps-ncchpp.ca\\\/fr\\\/#website\",\"url\":\"https:\\\/\\\/ccnpps-ncchpp.ca\\\/fr\\\/\",\"name\":\"Centre de collaboration nationale sur les politiques publiques et la sant\u00e9\",\"description\":\"\",\"publisher\":{\"@id\":\"https:\\\/\\\/ccnpps-ncchpp.ca\\\/fr\\\/#organization\"},\"potentialAction\":[{\"@type\":\"SearchAction\",\"target\":{\"@type\":\"EntryPoint\",\"urlTemplate\":\"https:\\\/\\\/ccnpps-ncchpp.ca\\\/fr\\\/?s={search_term_string}\"},\"query-input\":{\"@type\":\"PropertyValueSpecification\",\"valueRequired\":true,\"valueName\":\"search_term_string\"}}],\"inLanguage\":\"fr-FR\"},{\"@type\":\"Organization\",\"@id\":\"https:\\\/\\\/ccnpps-ncchpp.ca\\\/fr\\\/#organization\",\"name\":\"National Collaborating Centre for Healthy Public Policy\",\"alternateName\":\"CCNPPS\",\"url\":\"https:\\\/\\\/ccnpps-ncchpp.ca\\\/fr\\\/\",\"logo\":{\"@type\":\"ImageObject\",\"inLanguage\":\"fr-FR\",\"@id\":\"https:\\\/\\\/ccnpps-ncchpp.ca\\\/fr\\\/#\\\/schema\\\/logo\\\/image\\\/\",\"url\":\"https:\\\/\\\/ccnpps-ncchpp.ca\\\/wp-content\\\/uploads\\\/2021\\\/05\\\/Logorond250px.jpg\",\"contentUrl\":\"https:\\\/\\\/ccnpps-ncchpp.ca\\\/wp-content\\\/uploads\\\/2021\\\/05\\\/Logorond250px.jpg\",\"width\":250,\"height\":250,\"caption\":\"National Collaborating Centre for Healthy Public Policy\"},\"image\":{\"@id\":\"https:\\\/\\\/ccnpps-ncchpp.ca\\\/fr\\\/#\\\/schema\\\/logo\\\/image\\\/\"},\"sameAs\":[\"https:\\\/\\\/www.facebook.com\\\/CCNPPS.NCCHPP\",\"https:\\\/\\\/x.com\\\/NCCHPP\",\"https:\\\/\\\/twitter.com\\\/CCNPPS\"]},{\"@type\":\"Person\",\"@id\":\"https:\\\/\\\/ccnpps-ncchpp.ca\\\/fr\\\/#\\\/schema\\\/person\\\/a5ced452619e1398edd94ef208f17458\",\"name\":\"admin\",\"url\":\"https:\\\/\\\/ccnpps-ncchpp.ca\\\/fr\\\/author\\\/mylene\\\/\"}]}<\/script>\n<!-- \/ Yoast SEO Premium plugin. -->","yoast_head_json":{"title":"Webinaire \u2013 La Sant\u00e9 dans toutes les politiques au Qu\u00e9bec : Travailler de mani\u00e8re intersectorielle pour promouvoir la sant\u00e9 et l\u2019\u00e9quit\u00e9 - Centre de collaboration nationale sur les politiques publiques et la sant\u00e9","description":"D\u00e9couvrez l\u2019exp\u00e9rience du Qu\u00e9bec dans la mise en \u0153uvre de la PGPS, une politique qui s'inspire de la Sant\u00e9 dans toutes les politiques.","robots":{"index":"index","follow":"follow","max-snippet":"max-snippet:-1","max-image-preview":"max-image-preview:large","max-video-preview":"max-video-preview:-1"},"canonical":"https:\/\/ccnpps-ncchpp.ca\/fr\/webinaire-la-sante-dans-toutes-les-politiques-au-quebec-travailler-de-maniere-intersectorielle-pour-promouvoir-la-sante-et-lequite\/","og_locale":"fr_FR","og_type":"article","og_title":"Webinaire \u2013 La Sant\u00e9 dans toutes les politiques au Qu\u00e9bec : Travailler de mani\u00e8re intersectorielle pour promouvoir la sant\u00e9 et l\u2019\u00e9quit\u00e9","og_description":"D\u00e9couvrez l\u2019exp\u00e9rience du Qu\u00e9bec dans la mise en \u0153uvre de la PGPS, une politique qui s'inspire de la Sant\u00e9 dans toutes les politiques.","og_url":"https:\/\/ccnpps-ncchpp.ca\/fr\/webinaire-la-sante-dans-toutes-les-politiques-au-quebec-travailler-de-maniere-intersectorielle-pour-promouvoir-la-sante-et-lequite\/","og_site_name":"Centre de collaboration nationale sur les politiques publiques et la sant\u00e9","article_publisher":"https:\/\/www.facebook.com\/CCNPPS.NCCHPP","article_published_time":"2023-02-01T16:00:15+00:00","article_modified_time":"2024-05-06T19:38:42+00:00","og_image":[{"width":300,"height":400,"url":"https:\/\/ccnpps-ncchpp.ca\/wp-content\/uploads\/2023\/01\/2023-GNHIAPWebinaireJanvier-FR.png","type":"image\/png"}],"author":"admin","twitter_card":"summary_large_image","twitter_creator":"@NCCHPP","twitter_site":"@NCCHPP","twitter_misc":{"\u00c9crit par":"admin","Dur\u00e9e de lecture estim\u00e9e":"1 minute"},"schema":{"@context":"https:\/\/schema.org","@graph":[{"@type":"Article","@id":"https:\/\/ccnpps-ncchpp.ca\/fr\/webinaire-la-sante-dans-toutes-les-politiques-au-quebec-travailler-de-maniere-intersectorielle-pour-promouvoir-la-sante-et-lequite\/#article","isPartOf":{"@id":"https:\/\/ccnpps-ncchpp.ca\/fr\/webinaire-la-sante-dans-toutes-les-politiques-au-quebec-travailler-de-maniere-intersectorielle-pour-promouvoir-la-sante-et-lequite\/"},"author":{"name":"admin","@id":"https:\/\/ccnpps-ncchpp.ca\/fr\/#\/schema\/person\/a5ced452619e1398edd94ef208f17458"},"headline":"Webinaire \u2013 La Sant\u00e9 dans toutes les politiques au Qu\u00e9bec : Travailler de mani\u00e8re intersectorielle pour promouvoir la sant\u00e9 et l\u2019\u00e9quit\u00e9","datePublished":"2023-02-01T16:00:15+00:00","dateModified":"2024-05-06T19:38:42+00:00","mainEntityOfPage":{"@id":"https:\/\/ccnpps-ncchpp.ca\/fr\/webinaire-la-sante-dans-toutes-les-politiques-au-quebec-travailler-de-maniere-intersectorielle-pour-promouvoir-la-sante-et-lequite\/"},"wordCount":336,"publisher":{"@id":"https:\/\/ccnpps-ncchpp.ca\/fr\/#organization"},"image":{"@id":"https:\/\/ccnpps-ncchpp.ca\/fr\/webinaire-la-sante-dans-toutes-les-politiques-au-quebec-travailler-de-maniere-intersectorielle-pour-promouvoir-la-sante-et-lequite\/#primaryimage"},"thumbnailUrl":"https:\/\/ccnpps-ncchpp.ca\/wp-content\/uploads\/2023\/01\/2023-GNHIAPWebinaireJanvier-FR.png","keywords":["#HiAP","#SdTP"],"articleSection":["Activit\u00e9s du GNHIAP","Pr\u00e9sentations ou Webinaires SDTP","Sant\u00e9 dans toutes les politiques","Webinaires"],"inLanguage":"fr-FR"},{"@type":"WebPage","@id":"https:\/\/ccnpps-ncchpp.ca\/fr\/webinaire-la-sante-dans-toutes-les-politiques-au-quebec-travailler-de-maniere-intersectorielle-pour-promouvoir-la-sante-et-lequite\/","url":"https:\/\/ccnpps-ncchpp.ca\/fr\/webinaire-la-sante-dans-toutes-les-politiques-au-quebec-travailler-de-maniere-intersectorielle-pour-promouvoir-la-sante-et-lequite\/","name":"Webinaire \u2013 La Sant\u00e9 dans toutes les politiques au Qu\u00e9bec : Travailler de mani\u00e8re intersectorielle pour promouvoir la sant\u00e9 et l\u2019\u00e9quit\u00e9 - Centre de collaboration nationale sur les politiques publiques et la sant\u00e9","isPartOf":{"@id":"https:\/\/ccnpps-ncchpp.ca\/fr\/#website"},"primaryImageOfPage":{"@id":"https:\/\/ccnpps-ncchpp.ca\/fr\/webinaire-la-sante-dans-toutes-les-politiques-au-quebec-travailler-de-maniere-intersectorielle-pour-promouvoir-la-sante-et-lequite\/#primaryimage"},"image":{"@id":"https:\/\/ccnpps-ncchpp.ca\/fr\/webinaire-la-sante-dans-toutes-les-politiques-au-quebec-travailler-de-maniere-intersectorielle-pour-promouvoir-la-sante-et-lequite\/#primaryimage"},"thumbnailUrl":"https:\/\/ccnpps-ncchpp.ca\/wp-content\/uploads\/2023\/01\/2023-GNHIAPWebinaireJanvier-FR.png","datePublished":"2023-02-01T16:00:15+00:00","dateModified":"2024-05-06T19:38:42+00:00","description":"D\u00e9couvrez l\u2019exp\u00e9rience du Qu\u00e9bec dans la mise en \u0153uvre de la PGPS, une politique qui s'inspire de la Sant\u00e9 dans toutes les politiques.","breadcrumb":{"@id":"https:\/\/ccnpps-ncchpp.ca\/fr\/webinaire-la-sante-dans-toutes-les-politiques-au-quebec-travailler-de-maniere-intersectorielle-pour-promouvoir-la-sante-et-lequite\/#breadcrumb"},"inLanguage":"fr-FR","potentialAction":[{"@type":"ReadAction","target":["https:\/\/ccnpps-ncchpp.ca\/fr\/webinaire-la-sante-dans-toutes-les-politiques-au-quebec-travailler-de-maniere-intersectorielle-pour-promouvoir-la-sante-et-lequite\/"]}]},{"@type":"ImageObject","inLanguage":"fr-FR","@id":"https:\/\/ccnpps-ncchpp.ca\/fr\/webinaire-la-sante-dans-toutes-les-politiques-au-quebec-travailler-de-maniere-intersectorielle-pour-promouvoir-la-sante-et-lequite\/#primaryimage","url":"https:\/\/ccnpps-ncchpp.ca\/wp-content\/uploads\/2023\/01\/2023-GNHIAPWebinaireJanvier-FR.png","contentUrl":"https:\/\/ccnpps-ncchpp.ca\/wp-content\/uploads\/2023\/01\/2023-GNHIAPWebinaireJanvier-FR.png","width":300,"height":400},{"@type":"BreadcrumbList","@id":"https:\/\/ccnpps-ncchpp.ca\/fr\/webinaire-la-sante-dans-toutes-les-politiques-au-quebec-travailler-de-maniere-intersectorielle-pour-promouvoir-la-sante-et-lequite\/#breadcrumb","itemListElement":[{"@type":"ListItem","position":1,"name":"Accueil","item":"https:\/\/ccnpps-ncchpp.ca\/fr\/"},{"@type":"ListItem","position":2,"name":"Webinaire \u2013 La Sant\u00e9 dans toutes les politiques au Qu\u00e9bec : Travailler de mani\u00e8re intersectorielle pour promouvoir la sant\u00e9 et l\u2019\u00e9quit\u00e9"}]},{"@type":"WebSite","@id":"https:\/\/ccnpps-ncchpp.ca\/fr\/#website","url":"https:\/\/ccnpps-ncchpp.ca\/fr\/","name":"Centre de collaboration nationale sur les politiques publiques et la sant\u00e9","description":"","publisher":{"@id":"https:\/\/ccnpps-ncchpp.ca\/fr\/#organization"},"potentialAction":[{"@type":"SearchAction","target":{"@type":"EntryPoint","urlTemplate":"https:\/\/ccnpps-ncchpp.ca\/fr\/?s={search_term_string}"},"query-input":{"@type":"PropertyValueSpecification","valueRequired":true,"valueName":"search_term_string"}}],"inLanguage":"fr-FR"},{"@type":"Organization","@id":"https:\/\/ccnpps-ncchpp.ca\/fr\/#organization","name":"National Collaborating Centre for Healthy Public Policy","alternateName":"CCNPPS","url":"https:\/\/ccnpps-ncchpp.ca\/fr\/","logo":{"@type":"ImageObject","inLanguage":"fr-FR","@id":"https:\/\/ccnpps-ncchpp.ca\/fr\/#\/schema\/logo\/image\/","url":"https:\/\/ccnpps-ncchpp.ca\/wp-content\/uploads\/2021\/05\/Logorond250px.jpg","contentUrl":"https:\/\/ccnpps-ncchpp.ca\/wp-content\/uploads\/2021\/05\/Logorond250px.jpg","width":250,"height":250,"caption":"National Collaborating Centre for Healthy Public Policy"},"image":{"@id":"https:\/\/ccnpps-ncchpp.ca\/fr\/#\/schema\/logo\/image\/"},"sameAs":["https:\/\/www.facebook.com\/CCNPPS.NCCHPP","https:\/\/x.com\/NCCHPP","https:\/\/twitter.com\/CCNPPS"]},{"@type":"Person","@id":"https:\/\/ccnpps-ncchpp.ca\/fr\/#\/schema\/person\/a5ced452619e1398edd94ef208f17458","name":"admin","url":"https:\/\/ccnpps-ncchpp.ca\/fr\/author\/mylene\/"}]}},"_links":{"self":[{"href":"https:\/\/ccnpps-ncchpp.ca\/fr\/wp-json\/wp\/v2\/posts\/24974","targetHints":{"allow":["GET"]}}],"collection":[{"href":"https:\/\/ccnpps-ncchpp.ca\/fr\/wp-json\/wp\/v2\/posts"}],"about":[{"href":"https:\/\/ccnpps-ncchpp.ca\/fr\/wp-json\/wp\/v2\/types\/post"}],"author":[{"embeddable":true,"href":"https:\/\/ccnpps-ncchpp.ca\/fr\/wp-json\/wp\/v2\/users\/2"}],"replies":[{"embeddable":true,"href":"https:\/\/ccnpps-ncchpp.ca\/fr\/wp-json\/wp\/v2\/comments?post=24974"}],"version-history":[{"count":0,"href":"https:\/\/ccnpps-ncchpp.ca\/fr\/wp-json\/wp\/v2\/posts\/24974\/revisions"}],"wp:featuredmedia":[{"embeddable":true,"href":"https:\/\/ccnpps-ncchpp.ca\/fr\/wp-json\/wp\/v2\/media\/24980"}],"wp:attachment":[{"href":"https:\/\/ccnpps-ncchpp.ca\/fr\/wp-json\/wp\/v2\/media?parent=24974"}],"wp:term":[{"taxonomy":"category","embeddable":true,"href":"https:\/\/ccnpps-ncchpp.ca\/fr\/wp-json\/wp\/v2\/categories?post=24974"},{"taxonomy":"post_tag","embeddable":true,"href":"https:\/\/ccnpps-ncchpp.ca\/fr\/wp-json\/wp\/v2\/tags?post=24974"}],"curies":[{"name":"wp","href":"https:\/\/api.w.org\/{rel}","templated":true}]}}