{"id":26222,"date":"2024-01-19T14:47:06","date_gmt":"2024-01-19T14:47:06","guid":{"rendered":"https:\/\/ccnpps-ncchpp.ca\/?p=26222"},"modified":"2025-03-20T17:47:40","modified_gmt":"2025-03-20T17:47:40","slug":"premiere-rencontre-du-reseau-canadien-sur-la-sante-dans-toutes-les-politiques","status":"publish","type":"post","link":"https:\/\/ccnpps-ncchpp.ca\/fr\/premiere-rencontre-du-reseau-canadien-sur-la-sante-dans-toutes-les-politiques\/","title":{"rendered":"Premi\u00e8re rencontre du R\u00e9seau canadien sur la sant\u00e9 dans toutes les politiques (RCSdTP)"},"content":{"rendered":"<p>[et_pb_section fb_built=\u00a0\u00bb1&Prime; _builder_version=\u00a0\u00bb3.22&Prime;][et_pb_row column_structure=\u00a0\u00bb3_4,1_4&Prime; _builder_version=\u00a0\u00bb3.27.4&Prime; background_size=\u00a0\u00bbinitial\u00a0\u00bb background_position=\u00a0\u00bbtop_left\u00a0\u00bb background_repeat=\u00a0\u00bbrepeat\u00a0\u00bb custom_margin=\u00a0\u00bb-61px|auto||auto||\u00a0\u00bb custom_padding=\u00a0\u00bb||0px|||\u00a0\u00bb][et_pb_column type=\u00a0\u00bb3_4&Prime; _builder_version=\u00a0\u00bb3.25&Prime; custom_padding=\u00a0\u00bb|||\u00a0\u00bb custom_padding__hover=\u00a0\u00bb|||\u00a0\u00bb][et_pb_text _builder_version=\u00a0\u00bb4.9.1&Prime; background_size=\u00a0\u00bbinitial\u00a0\u00bb background_position=\u00a0\u00bbtop_left\u00a0\u00bb background_repeat=\u00a0\u00bbrepeat\u00a0\u00bb]<\/p>\n<h2><strong>Collaborer en faveur de la sant\u00e9 de la population et de l\u2019\u00e9quit\u00e9 en mati\u00e8re de sant\u00e9<\/strong><\/h2>\n<p>En septembre 2023, le R\u00e9seau canadien sur la sant\u00e9 dans toutes les politiques (RCSdTP) a tenu sa premi\u00e8re rencontre, r\u00e9unissant une vingtaine d\u2019acteurs de la sant\u00e9 publique dont des repr\u00e9sentants du gouvernement aux paliers f\u00e9d\u00e9ral, territorial et provincial, r\u00e9gional et municipal, des organisations autochtones et des universit\u00e9s \u00e0 travers le Canada.<\/p>\n<p>L\u2019\u00e9v\u00e9nement de deux jours intitul\u00e9 <em>Collaborer en faveur de la sant\u00e9 de la population et de l\u2019\u00e9quit\u00e9 en mati\u00e8re de sant\u00e9<\/em> avait les objectifs suivants :<\/p>\n<ol>\n<li>R\u00e9unir les premiers membres du RCSdTP et pr\u00e9parer le terrain pour les travaux du r\u00e9seau.<\/li>\n<li>Discuter et confirmer les priorit\u00e9s de travail du r\u00e9seau.<\/li>\n<li>Explorer les diverses mani\u00e8res de collaborer.<\/li>\n<\/ol>\n<p>Le programme de la rencontre est <a href=\"http:\/\/ccnpps-ncchpp.ca\/docs\/2023-RCSdTP-Rencontre-Ordre-du-jour.pdf\" target=\"_blank\" rel=\"noopener\">disponible ici<\/a>.<\/p>\n<h3><b>Rapport de la rencontre<\/b><\/h3>\n<p>Le rapport de cette rencontre est maintenant disponible en ligne. Il pr\u00e9sente un r\u00e9sum\u00e9 des \u00e9changes et des pistes de r\u00e9flexion pour les activit\u00e9s futures du RCSdTP. Pour le consulter, <a href=\"\/docs\/2024-Rencontre-inaugurale-du-Reseau-canadien-sur-la-Sante-dans-toutes-les-politiques.pdf\" target=\"_blank\" rel=\"noopener\">cliquez ici<\/a>.<\/p>\n<h3><strong>Pr\u00e9sentations<\/strong><\/h3>\n<h4><strong>Jour 1 &#8211; 19 septembre 2023<br \/><\/strong><\/h4>\n<h5><strong>Contexte et historique du r\u00e9seau<\/strong><\/h5>\n<table style=\"border-collapse: collapse; width: 100%;\" border=\"1\">\n<tbody>\n<tr>\n<td style=\"width: 19.1513%;\"><img loading=\"lazy\" decoding=\"async\" class=\"alignnone wp-image-26228 size-full\" src=\"https:\/\/ccnpps-ncchpp.ca\/wp-content\/uploads\/2024\/01\/1LeReseaucanadien.png\" alt=\"\" width=\"988\" height=\"550\" srcset=\"https:\/\/ccnpps-ncchpp.ca\/wp-content\/uploads\/2024\/01\/1LeReseaucanadien.png 988w, https:\/\/ccnpps-ncchpp.ca\/wp-content\/uploads\/2024\/01\/1LeReseaucanadien-980x546.png 980w, https:\/\/ccnpps-ncchpp.ca\/wp-content\/uploads\/2024\/01\/1LeReseaucanadien-480x267.png 480w\" sizes=\"auto, (min-width: 0px) and (max-width: 480px) 480px, (min-width: 481px) and (max-width: 980px) 980px, (min-width: 981px) 988px, 100vw\" \/><\/td>\n<td style=\"width: 80.8487%; padding-left: 40px;\">1. <a href=\"http:\/\/ccnpps-ncchpp.ca\/docs\/2023-RCSDTP-A-Propos-Du-Reseau.pdf\" target=\"_blank\" rel=\"noopener\">Le R\u00e9seau canadien sur la Sant\u00e9 sur toutes les politiques (RCSdTP)\u00a0: collaborer en faveur de la sant\u00e9 de la population et de l\u2019\u00e9quit\u00e9 en mati\u00e8re de sant\u00e9<\/a><br \/>Pr\u00e9sent\u00e9e par Natalia Botero et Camille Mercier, Conseill\u00e8res scientifiques, CCNPPS<\/td>\n<\/tr>\n<\/tbody>\n<\/table>\n<h5><strong>Les d\u00e9fis de l\u2019approche de Sant\u00e9 dans toutes les politiques<\/strong><\/h5>\n<table style=\"border-collapse: collapse;\" border=\"1\">\n<tbody>\n<tr>\n<td style=\"width: 19.1513%;\"><img loading=\"lazy\" decoding=\"async\" class=\"alignnone wp-image-26232 size-full\" src=\"https:\/\/ccnpps-ncchpp.ca\/wp-content\/uploads\/2024\/01\/2Lesdefis.png\" alt=\"\" width=\"849\" height=\"484\" srcset=\"https:\/\/ccnpps-ncchpp.ca\/wp-content\/uploads\/2024\/01\/2Lesdefis.png 849w, https:\/\/ccnpps-ncchpp.ca\/wp-content\/uploads\/2024\/01\/2Lesdefis-480x274.png 480w\" sizes=\"auto, (min-width: 0px) and (max-width: 480px) 480px, (min-width: 481px) 849px, 100vw\" \/><\/td>\n<td style=\"width: 80.8487%; padding-left: 40px;\">2. <a href=\"http:\/\/ccnpps-ncchpp.ca\/docs\/2023-RCSDTP-CaroleClavier-Defis-Approche-SDTP.pdf\" target=\"_blank\" rel=\"noopener\">Des d\u00e9fis pour l\u2019approche de Sant\u00e9 dans toutes les politiques<\/a><br \/>Pr\u00e9sent\u00e9e par Carole Clavier, Professeure titulaire, D\u00e9partement de science politique, UQAM<\/td>\n<\/tr>\n<\/tbody>\n<\/table>\n<h5><strong>Panel I\u00a0\u2013 Conceptions de la sant\u00e9, du mieux-\u00eatre et de la SdTP\u00a0: vers des approches qui int\u00e8grent les modes de connaissance et de gouvernance des Premi\u00e8res Nations, des Inuits et des M\u00e9tis<\/strong><\/h5>\n<table style=\"border-collapse: collapse; width: 100%;\" border=\"1\">\n<tbody>\n<tr>\n<td style=\"width: 19.1513%;\">\u00a0<\/td>\n<td style=\"width: 80.8487%;\">\n<p style=\"padding-left: 40px;\">3. Cette pr\u00e9sentation Powerpoint sera bient\u00f4t rendue disponible en ligne :<br \/><em>La Sant\u00e9 dans toutes les politiques &#8211; Mieux-\u00eatre mental : Gouvernance et priorit\u00e9s des Premi\u00e8res Nations<\/em><br \/>Pr\u00e9sent\u00e9e par Becky Carpenter, Analyste des politiques, First Peoples Wellness Circle (FPWC)<\/p>\n<\/td>\n<\/tr>\n<tr>\n<td style=\"width: 19.1513%;\"><img loading=\"lazy\" decoding=\"async\" class=\"alignnone wp-image-26238 size-full\" src=\"https:\/\/ccnpps-ncchpp.ca\/wp-content\/uploads\/2024\/01\/3PerspectiveInuite.png\" alt=\"\" width=\"967\" height=\"556\" srcset=\"https:\/\/ccnpps-ncchpp.ca\/wp-content\/uploads\/2024\/01\/3PerspectiveInuite.png 967w, https:\/\/ccnpps-ncchpp.ca\/wp-content\/uploads\/2024\/01\/3PerspectiveInuite-480x276.png 480w\" sizes=\"auto, (min-width: 0px) and (max-width: 480px) 480px, (min-width: 481px) 967px, 100vw\" \/><\/td>\n<td style=\"width: 80.8487%;\">\n<p style=\"padding-left: 40px;\">4. <a href=\"\/docs\/2023-RCSDTP-GailTurner-Approches-SDTP-Inuit.pdf\" target=\"_blank\" rel=\"noopener\">Approches de SdTP selon une perspective inuite<\/a><br \/>Pr\u00e9sent\u00e9e par Gail Turner, Ancienne directrice des services de sant\u00e9 (\u00e0 la retraite), gouvernement du Nunatsiavut, Nord du Labrador<\/p>\n<\/td>\n<\/tr>\n<tr>\n<td style=\"width: 19.1513%;\"><img loading=\"lazy\" decoding=\"async\" class=\"alignnone wp-image-26242 size-full\" src=\"https:\/\/ccnpps-ncchpp.ca\/wp-content\/uploads\/2024\/01\/4NationMetisse.png\" alt=\"\" width=\"447\" height=\"336\" srcset=\"https:\/\/ccnpps-ncchpp.ca\/wp-content\/uploads\/2024\/01\/4NationMetisse.png 447w, https:\/\/ccnpps-ncchpp.ca\/wp-content\/uploads\/2024\/01\/4NationMetisse-300x226.png 300w\" sizes=\"auto, (max-width: 447px) 100vw, 447px\" \/><\/td>\n<td style=\"width: 80.8487%; padding-left: 40px;\">5. <a href=\"\/docs\/2023-RCSDTP-EduardoVides-Nation-Metisse.pdf\" target=\"_blank\" rel=\"noopener\">Nation m\u00e9tisse : notre vision d\u2019avenir de la sant\u00e9 publique<\/a><br \/>Pr\u00e9sent\u00e9e par Eduardo Vides, Conseiller principal en sant\u00e9 \u2013 projets sp\u00e9ciaux et partenariats, Ralliement national des M\u00e9tis<\/td>\n<\/tr>\n<\/tbody>\n<\/table>\n<h5><strong>Panel\u00a0II\u00a0\u2013 <\/strong><strong>Comp\u00e9tences et outils en mati\u00e8re de politiques publiques\u00a0: se doter de moyens pour favoriser le travail sur les politiques<\/strong><\/h5>\n<table style=\"border-collapse: collapse; width: 100%;\" border=\"1\">\n<tbody>\n<tr>\n<td style=\"width: 19.1513%;\"><img loading=\"lazy\" decoding=\"async\" class=\"alignnone wp-image-26246 size-full\" src=\"https:\/\/ccnpps-ncchpp.ca\/wp-content\/uploads\/2024\/01\/5InvestirAmont.png\" alt=\"\" width=\"985\" height=\"549\" srcset=\"https:\/\/ccnpps-ncchpp.ca\/wp-content\/uploads\/2024\/01\/5InvestirAmont.png 985w, https:\/\/ccnpps-ncchpp.ca\/wp-content\/uploads\/2024\/01\/5InvestirAmont-980x546.png 980w, https:\/\/ccnpps-ncchpp.ca\/wp-content\/uploads\/2024\/01\/5InvestirAmont-480x268.png 480w\" sizes=\"auto, (min-width: 0px) and (max-width: 480px) 480px, (min-width: 481px) and (max-width: 980px) 980px, (min-width: 981px) 985px, 100vw\" \/><\/td>\n<td style=\"width: 80.8487%; padding-left: 40px;\">6. <a href=\"\/docs\/2023-RCSDTP-PatsyBeattieHuggan-Sante-Mentale-Jeunes.pdf\" target=\"_blank\" rel=\"noopener\">Investir en amont : La promotion de la sant\u00e9 mentale des nourrissons, des enfants et des jeunes en priorit\u00e9 &#8211; Une initiative politique men\u00e9e par la communaut\u00e9<\/a><br \/>Pr\u00e9sent\u00e9e par Patsy Beattie-Huggan, Coordonnatrice, Institut d\u2019\u00e9t\u00e9 sur les collectivit\u00e9s s\u00fbres et en sant\u00e9 au Canada atlantique (I\u00c9A)<\/td>\n<\/tr>\n<tr>\n<td style=\"width: 19.1513%;\"><img loading=\"lazy\" decoding=\"async\" class=\"alignnone wp-image-26248 size-large\" src=\"https:\/\/ccnpps-ncchpp.ca\/wp-content\/uploads\/2024\/01\/6NagerAmont-1024x583.png\" alt=\"\" width=\"1024\" height=\"583\" srcset=\"https:\/\/ccnpps-ncchpp.ca\/wp-content\/uploads\/2024\/01\/6NagerAmont-1024x583.png 1024w, https:\/\/ccnpps-ncchpp.ca\/wp-content\/uploads\/2024\/01\/6NagerAmont-980x558.png 980w, https:\/\/ccnpps-ncchpp.ca\/wp-content\/uploads\/2024\/01\/6NagerAmont-480x273.png 480w\" sizes=\"auto, (min-width: 0px) and (max-width: 480px) 480px, (min-width: 481px) and (max-width: 980px) 980px, (min-width: 981px) 1024px, 100vw\" \/><\/td>\n<td style=\"width: 80.8487%; padding-left: 40px;\">7. <a href=\"\/docs\/2023-RCSDTP-GillianConnelly-Nager-en-amont.pdf\" target=\"_blank\" rel=\"noopener\">Nager en amont : Renforcer nos muscles en mati\u00e8re de politiques publiques saines<\/a><br \/>Pr\u00e9sent\u00e9e par Gillian Connelly, Gestionnaire de programme, Environnements favorables \u00e0 la sant\u00e9, Sant\u00e9 publique Ottawa<\/td>\n<\/tr>\n<tr>\n<td style=\"width: 19.1513%;\"><img loading=\"lazy\" decoding=\"async\" class=\"alignnone wp-image-26254 size-full\" src=\"https:\/\/ccnpps-ncchpp.ca\/wp-content\/uploads\/2024\/01\/7UtilisationDonnees.png\" alt=\"\" width=\"589\" height=\"313\" srcset=\"https:\/\/ccnpps-ncchpp.ca\/wp-content\/uploads\/2024\/01\/7UtilisationDonnees.png 589w, https:\/\/ccnpps-ncchpp.ca\/wp-content\/uploads\/2024\/01\/7UtilisationDonnees-480x255.png 480w\" sizes=\"auto, (min-width: 0px) and (max-width: 480px) 480px, (min-width: 481px) 589px, 100vw\" \/><\/td>\n<td style=\"width: 80.8487%; padding-left: 40px;\">8. <a href=\"\/docs\/2023-RCSDTP-CoryNeudorf-Donnees-Equite-Sante.pdf\" target=\"_blank\" rel=\"noopener\">L\u2019utilisation des donn\u00e9es sur l\u2019\u00e9quit\u00e9 en mati\u00e8re de sant\u00e9 pour enrichir les programmes et les politiques<\/a><br \/>Pr\u00e9sent\u00e9e par Cory Neudorf, Professeur, D\u00e9partement de sant\u00e9 communautaire et d\u2019\u00e9pid\u00e9miologie, Coll\u00e8ge de m\u00e9decine de l\u2019Universit\u00e9 de la Saskatchewan; Pr\u00e9sident, R\u00e9seau pour la sant\u00e9 publique urbaine<\/td>\n<\/tr>\n<tr>\n<td style=\"width: 19.1513%;\"><img loading=\"lazy\" decoding=\"async\" class=\"wp-image-26256 alignnone size-full\" src=\"https:\/\/ccnpps-ncchpp.ca\/wp-content\/uploads\/2024\/01\/8UniteVancouverCoastal.png\" alt=\"\" width=\"661\" height=\"366\" srcset=\"https:\/\/ccnpps-ncchpp.ca\/wp-content\/uploads\/2024\/01\/8UniteVancouverCoastal.png 661w, https:\/\/ccnpps-ncchpp.ca\/wp-content\/uploads\/2024\/01\/8UniteVancouverCoastal-480x266.png 480w\" sizes=\"auto, (min-width: 0px) and (max-width: 480px) 480px, (min-width: 481px) 661px, 100vw\" \/><\/td>\n<td style=\"width: 80.8487%; padding-left: 40px;\">9. <a href=\"\/docs\/2023-RCSDTP-JuanSolorzano-VCH-Unite-PPFS.pdf\" target=\"_blank\" rel=\"noopener\">Unit\u00e9 des politiques publiques favorables \u00e0 la sant\u00e9 de Vancouver Coastal Health : Innovation pour le pouvoir d\u2019action des politiques publiques dans le syst\u00e8me de sant\u00e9 publique<\/a><br \/>Pr\u00e9sent\u00e9e par Juan Gabriel Sol\u00f3rzano, Directeur ex\u00e9cutif, Sant\u00e9 de la population, Vancouver Coastal Health<\/td>\n<\/tr>\n<\/tbody>\n<\/table>\n<p>&nbsp;<\/p>\n<h4><strong>Jour 2 \u2013 20 septembre 2023<\/strong><\/h4>\n<h5><strong>Panel III \u2013 \u00c9valuer le progr\u00e8s et l\u2019impact<\/strong><\/h5>\n<table style=\"border-collapse: collapse; width: 100%; height: 377px;\" border=\"1\">\n<tbody>\n<tr style=\"height: 154px;\">\n<td style=\"width: 19.1513%; height: 154px;\"><img loading=\"lazy\" decoding=\"async\" class=\"alignnone wp-image-26262 size-full\" src=\"https:\/\/ccnpps-ncchpp.ca\/wp-content\/uploads\/2024\/01\/9PolGouvPrevSante.png\" alt=\"\" width=\"547\" height=\"309\" srcset=\"https:\/\/ccnpps-ncchpp.ca\/wp-content\/uploads\/2024\/01\/9PolGouvPrevSante.png 547w, https:\/\/ccnpps-ncchpp.ca\/wp-content\/uploads\/2024\/01\/9PolGouvPrevSante-480x271.png 480w\" sizes=\"auto, (min-width: 0px) and (max-width: 480px) 480px, (min-width: 481px) 547px, 100vw\" \/><\/td>\n<td style=\"width: 80.8487%; height: 154px; padding-left: 40px;\">10. <a href=\"\/docs\/2023-RCSDTP-HoracioArruda-PGPS.pdf\" target=\"_blank\" rel=\"noopener\">Politique gouvernementale de pr\u00e9vention en sant\u00e9\u00a0: Mesurer le progr\u00e8s et les impacts<\/a><br \/>Pr\u00e9sent\u00e9e par Horacio Arruda, Sous-ministre adjoint, Direction g\u00e9n\u00e9rale de sant\u00e9 publique, Minist\u00e8re de la Sant\u00e9 et des Services sociaux (MSSS), Qu\u00e9bec<\/td>\n<\/tr>\n<tr style=\"height: 200px;\">\n<td style=\"width: 19.1513%; height: 200px;\">\u00a0<\/td>\n<td style=\"width: 80.8487%; height: 200px; padding-left: 40px;\">11. Cette pr\u00e9sentation Powerpoint n\u2019est pas disponible en ligne mais vous pouvez consulter le site web de<br \/>l\u2019initiative Solution Six ici (en ang.) : <a href=\"https:\/\/actionforhealth.novascotia.ca\/solution-six\" target=\"_blank\" rel=\"noopener\">Solution Six-Action pour la sant\u00e9, Gouvernement de la Nouvelle-\u00c9cosse<\/a><br \/>Pr\u00e9sentation offerte par Jennifer Heatley, Directrice ex\u00e9cutive, Solution Six-Action pour la sant\u00e9, Gouvernement de la Nouvelle-\u00c9cosse<\/td>\n<\/tr>\n<tr>\n<td style=\"width: 19.1513%;\"><img loading=\"lazy\" decoding=\"async\" class=\"alignnone wp-image-26264 size-full\" src=\"https:\/\/ccnpps-ncchpp.ca\/wp-content\/uploads\/2024\/01\/10MesurerResultats.png\" alt=\"\" width=\"541\" height=\"406\" srcset=\"https:\/\/ccnpps-ncchpp.ca\/wp-content\/uploads\/2024\/01\/10MesurerResultats.png 541w, https:\/\/ccnpps-ncchpp.ca\/wp-content\/uploads\/2024\/01\/10MesurerResultats-480x360.png 480w\" sizes=\"auto, (min-width: 0px) and (max-width: 480px) 480px, (min-width: 481px) 541px, 100vw\" \/><\/td>\n<td style=\"width: 80.8487%; padding-left: 40px;\">12. <a href=\"\/docs\/2023-RCSDTP-KelseyLucyk-Fonds-action-intersectorielle.pdf\" target=\"_blank\" rel=\"noopener\">Mesurer les r\u00e9sultats d\u2019une initiative communautaire : Le Fonds d\u2019action intersectorielle<\/a><br \/>Pr\u00e9sent\u00e9e par Kelsey Lucyk, Gestionnaire par int\u00e9rim, Partenariats et initiatives intersectoriels, Division des d\u00e9terminants sociaux de la sant\u00e9, Agence de la sant\u00e9 publique du Canada<\/td>\n<\/tr>\n<tr style=\"height: 23px;\">\n<td style=\"width: 19.1513%; height: 23px;\"><img loading=\"lazy\" decoding=\"async\" class=\"wp-image-26268 alignnone size-large\" src=\"https:\/\/ccnpps-ncchpp.ca\/wp-content\/uploads\/2024\/01\/11BCHealthyCom-1024x659.png\" alt=\"\" width=\"1024\" height=\"659\" srcset=\"https:\/\/ccnpps-ncchpp.ca\/wp-content\/uploads\/2024\/01\/11BCHealthyCom-1024x659.png 1024w, https:\/\/ccnpps-ncchpp.ca\/wp-content\/uploads\/2024\/01\/11BCHealthyCom-980x631.png 980w, https:\/\/ccnpps-ncchpp.ca\/wp-content\/uploads\/2024\/01\/11BCHealthyCom-480x309.png 480w\" sizes=\"auto, (min-width: 0px) and (max-width: 480px) 480px, (min-width: 481px) and (max-width: 980px) 980px, (min-width: 981px) 1024px, 100vw\" \/><\/td>\n<td style=\"width: 80.8487%; height: 23px; padding-left: 40px;\">13. <a href=\"\/docs\/2023-RCSDTP-JodiMucha-Evaluer-Progres-Impact.pdf\" target=\"_blank\" rel=\"noopener\">R\u00e9seau canadien sur la Sant\u00e9 dans toutes les politiques : \u00c9valuer le progr\u00e8s et l\u2019impact<\/a><br \/>Pr\u00e9sent\u00e9e par Jodi Mucha, Directrice ex\u00e9cutive, BC Healthy Communities Society (BCHC), Colombie-Britannique<\/td>\n<\/tr>\n<\/tbody>\n<\/table>\n<h5><strong>Panel\u00a0IV\u00a0\u2013 Recherche et pratique\u00a0: mobiliser les connaissances et soutenir la<br \/>pratique<\/strong><\/h5>\n<table style=\"border-collapse: collapse; width: 100%;\" border=\"1\">\n<tbody>\n<tr>\n<td style=\"width: 19.1513%;\">\u00a0<\/td>\n<td style=\"width: 80.8487%; padding-left: 40px;\">14. Cette pr\u00e9sentation Powerpoint n\u2019est pas disponible en ligne mais vous pouvez consulter le site web<br \/>de l\u2019initiative Get Well Canada ici (en ang.) : <a href=\"https:\/\/www.getwellcanada.ca\/\" target=\"_blank\" rel=\"noopener\">Get Well Canada<\/a><br \/>Pr\u00e9sentation offerte par Paul Kershaw, Professeur associ\u00e9, \u00c9cole des populations et de sant\u00e9 publique, Facult\u00e9 de m\u00e9decine, Universit\u00e9 de la Colombie-Britannique<\/td>\n<\/tr>\n<tr>\n<td style=\"width: 19.1513%;\">\n<p>&nbsp;<\/p>\n<p>&nbsp;<\/p>\n<p>&nbsp;<\/p>\n<\/td>\n<td style=\"width: 80.8487%; padding-left: 40px;\">15. <a href=\"\/docs\/2023-RCSDTP-MathieuMasseJolicoeur-Resume.pdf\" target=\"_blank\" rel=\"noopener\">Des intervenants mieux outill\u00e9s gr\u00e2ce \u00e0 la recherche<\/a><br \/>Pr\u00e9sent\u00e9e par Mathieu Masse Jolicoeur, Agent de planification, de programmation et de recherche, Direction g\u00e9n\u00e9rale de sant\u00e9 publique de Montr\u00e9al, CIUSSS du Centre-Sud-de-l\u2019\u00cele-de-Montr\u00e9al<\/td>\n<\/tr>\n<tr>\n<td style=\"width: 19.1513%;\"><img loading=\"lazy\" decoding=\"async\" class=\"alignnone wp-image-26272 size-full\" src=\"https:\/\/ccnpps-ncchpp.ca\/wp-content\/uploads\/2024\/01\/13MethodesRealistes.png\" alt=\"\" width=\"799\" height=\"448\" srcset=\"https:\/\/ccnpps-ncchpp.ca\/wp-content\/uploads\/2024\/01\/13MethodesRealistes.png 799w, https:\/\/ccnpps-ncchpp.ca\/wp-content\/uploads\/2024\/01\/13MethodesRealistes-480x269.png 480w\" sizes=\"auto, (min-width: 0px) and (max-width: 480px) 480px, (min-width: 481px) 799px, 100vw\" \/><\/td>\n<td style=\"width: 80.8487%; padding-left: 40px;\">16. <a href=\"\/docs\/2023-RCSDTP-KetanShankardass-Harmonics.pdf\" target=\"_blank\" rel=\"noopener\">Analyse de la SdTP utilisant des m\u00e9thodes r\u00e9alistes sur des \u00e9tudes de cas internationales<\/a><br \/>Pr\u00e9sent\u00e9e par Ketan Shankardass, Professeur associ\u00e9, D\u00e9partement des sciences de la sant\u00e9, Universit\u00e9 Wilfrid Laurier<\/td>\n<\/tr>\n<\/tbody>\n<\/table>\n<p>&nbsp;<\/p>\n<h3><b>Photos de la rencontre<\/b><\/h3>\n<p>[\/et_pb_text][\/et_pb_column][et_pb_column type=\u00a0\u00bb1_4&Prime; _builder_version=\u00a0\u00bb3.25&Prime; custom_padding=\u00a0\u00bb|||\u00a0\u00bb custom_padding__hover=\u00a0\u00bb|||\u00a0\u00bb][et_pb_image src=\u00a0\u00bbhttps:\/\/ccnpps-ncchpp.ca\/wp-content\/uploads\/2023\/11\/VignetteRCSDTP-FR.png\u00a0\u00bb title_text=\u00a0\u00bbVignetteRCSDTP-FR\u00a0\u00bb url_new_window=\u00a0\u00bbon\u00a0\u00bb _builder_version=\u00a0\u00bb4.9.1&Prime; max_width=\u00a0\u00bb100%\u00a0\u00bb custom_margin=\u00a0\u00bb2px||2px||false|false\u00a0\u00bb custom_padding=\u00a0\u00bb||192px|0px||\u00a0\u00bb custom_css_main_element=\u00a0\u00bbfilter: drop-shadow(2px 4px 6px black);||\t\t\t margin-left: 2px;\u00a0\u00bb border_radii=\u00a0\u00bbon|12px|12px|12px|12px\u00a0\u00bb border_color_all=\u00a0\u00bb#000000&Prime; src__hover_enabled=\u00a0\u00bboff|desktop\u00a0\u00bb][\/et_pb_image][et_pb_text _builder_version=\u00a0\u00bb4.9.1&Prime; _module_preset=\u00a0\u00bbdefault\u00a0\u00bb]<\/p>\n<p><strong>Rapport de la rencontre inaugurale<\/strong><br \/>35 pages<\/p>\n<p>[\/et_pb_text][et_pb_image src=\u00a0\u00bbhttps:\/\/ccnpps-ncchpp.ca\/wp-content\/uploads\/2024\/07\/2024-Rencontre-inaugurale-du-Reseau-canadien-sur-la-Sante-dans-toutes-les-politiques-300&#215;400-1.jpg\u00a0\u00bb title_text=\u00a0\u00bb2024-Rencontre-inaugurale-du-Reseau-canadien-sur la-Sante-dans-toutes-les-politiques-300&#215;400&Prime; url=\u00a0\u00bb\/docs\/2024-Rencontre-inaugurale-du-Reseau-canadien-sur-la-Sante-dans-toutes-les-politiques.pdf\u00a0\u00bb url_new_window=\u00a0\u00bbon\u00a0\u00bb _builder_version=\u00a0\u00bb4.9.1&Prime; max_width=\u00a0\u00bb100%\u00a0\u00bb custom_margin=\u00a0\u00bb-23px||2px||false|false\u00a0\u00bb custom_padding=\u00a0\u00bb|||0px||\u00a0\u00bb custom_css_main_element=\u00a0\u00bbfilter: drop-shadow(2px 4px 6px black);||\t\t\t margin-left: 2px;\u00a0\u00bb border_radii=\u00a0\u00bbon|12px|12px|12px|12px\u00a0\u00bb border_color_all=\u00a0\u00bb#000000&Prime; src__hover_enabled=\u00a0\u00bboff|desktop\u00a0\u00bb][\/et_pb_image][\/et_pb_column][\/et_pb_row][et_pb_row _builder_version=\u00a0\u00bb4.9.1&Prime; _module_preset=\u00a0\u00bbdefault\u00a0\u00bb][et_pb_column type=\u00a0\u00bb4_4&Prime; _builder_version=\u00a0\u00bb4.9.1&Prime; _module_preset=\u00a0\u00bbdefault\u00a0\u00bb][et_pb_gallery gallery_ids=\u00a0\u00bb26302,26304,26306,26308,26310,26312,26318,26340,26342,26344,26350,26366,26368,26370,26372,26374,26376,26378,26380,26384,26386,26388,26390,26392,26394,26396,26398,26400,26402,26404&Prime; show_title_and_caption=\u00a0\u00bboff\u00a0\u00bb _builder_version=\u00a0\u00bb4.9.1&Prime; _module_preset=\u00a0\u00bbdefault\u00a0\u00bb border_radii=\u00a0\u00bbon|15px|15px|15px|15px\u00a0\u00bb border_radii_image=\u00a0\u00bbon|15px|15px|15px|15px\u00a0\u00bb box_shadow_style_image=\u00a0\u00bbpreset2&Prime; locked=\u00a0\u00bboff\u00a0\u00bb][\/et_pb_gallery][\/et_pb_column][\/et_pb_row][\/et_pb_section]<\/p>\n","protected":false},"excerpt":{"rendered":"<p>Cette page pr\u00e9sente les pr\u00e9sentations Powerpoint des conf\u00e9rences et des ateliers tenus lors de la premi\u00e8re rencontre du R\u00e9seau canadien sur la sant\u00e9 dans toutes les politiques (RCSdTP) qui s&rsquo;est d\u00e9roul\u00e9e les 19 et 20 septembre 2023, \u00e0 Montr\u00e9al.<\/p>\n","protected":false},"author":5,"featured_media":25971,"comment_status":"closed","ping_status":"open","sticky":false,"template":"","format":"standard","meta":{"_et_pb_use_builder":"on","_et_pb_old_content":"","_et_gb_content_width":"","footnotes":""},"categories":[226,61],"tags":[218,219,234],"class_list":["post-26222","post","type-post","status-publish","format-standard","has-post-thumbnail","hentry","category-activites-du-rcsdtp","category-sante-dans-toutes-les-politiques","tag-hiap-fr","tag-sdtp-fr","tag-cnhiap-fr"],"yoast_head":"<!-- This site is optimized with the Yoast SEO Premium plugin v27.5 (Yoast SEO v27.5) - https:\/\/yoast.com\/product\/yoast-seo-premium-wordpress\/ -->\n<title>Premi\u00e8re rencontre du R\u00e9seau canadien sur la sant\u00e9 dans toutes les politiques (RCSdTP) - Centre de collaboration nationale sur les politiques publiques et la sant\u00e9<\/title>\n<meta name=\"description\" content=\"Cette page pr\u00e9sente les pr\u00e9sentations PPT des conf\u00e9rences et des ateliers tenus lors de la premi\u00e8re rencontre du R\u00e9seau canadien sur la sant\u00e9 dans toutes les politiques (RCSdTP).\" \/>\n<meta name=\"robots\" content=\"index, follow, max-snippet:-1, max-image-preview:large, max-video-preview:-1\" \/>\n<link rel=\"canonical\" href=\"https:\/\/ccnpps-ncchpp.ca\/fr\/premiere-rencontre-du-reseau-canadien-sur-la-sante-dans-toutes-les-politiques\/\" \/>\n<meta property=\"og:locale\" content=\"fr_FR\" \/>\n<meta property=\"og:type\" content=\"article\" \/>\n<meta property=\"og:title\" content=\"Premi\u00e8re rencontre du R\u00e9seau canadien sur la sant\u00e9 dans toutes les politiques (RCSdTP)\" \/>\n<meta property=\"og:description\" content=\"Cette page pr\u00e9sente les pr\u00e9sentations PPT des conf\u00e9rences et des ateliers tenus lors de la premi\u00e8re rencontre du R\u00e9seau canadien sur la sant\u00e9 dans toutes les politiques (RCSdTP).\" \/>\n<meta property=\"og:url\" content=\"https:\/\/ccnpps-ncchpp.ca\/fr\/premiere-rencontre-du-reseau-canadien-sur-la-sante-dans-toutes-les-politiques\/\" \/>\n<meta property=\"og:site_name\" content=\"Centre de collaboration nationale sur les politiques publiques et la sant\u00e9\" \/>\n<meta property=\"article:publisher\" content=\"https:\/\/www.facebook.com\/CCNPPS.NCCHPP\" \/>\n<meta property=\"article:published_time\" content=\"2024-01-19T14:47:06+00:00\" \/>\n<meta property=\"article:modified_time\" content=\"2025-03-20T17:47:40+00:00\" \/>\n<meta property=\"og:image\" content=\"https:\/\/ccnpps-ncchpp.ca\/wp-content\/uploads\/2023\/11\/VignetteRCSDTP-FR.png\" \/>\n\t<meta property=\"og:image:width\" content=\"300\" \/>\n\t<meta property=\"og:image:height\" content=\"400\" \/>\n\t<meta property=\"og:image:type\" content=\"image\/png\" \/>\n<meta name=\"author\" content=\"Alexandra Espin-Espinoza\" \/>\n<meta name=\"twitter:card\" content=\"summary_large_image\" \/>\n<meta name=\"twitter:creator\" content=\"@NCCHPP\" \/>\n<meta name=\"twitter:site\" content=\"@NCCHPP\" \/>\n<meta name=\"twitter:label1\" content=\"\u00c9crit par\" \/>\n\t<meta name=\"twitter:data1\" content=\"Alexandra Espin-Espinoza\" \/>\n\t<meta name=\"twitter:label2\" content=\"Dur\u00e9e de lecture estim\u00e9e\" \/>\n\t<meta name=\"twitter:data2\" content=\"13 minutes\" \/>\n<script type=\"application\/ld+json\" class=\"yoast-schema-graph\">{\"@context\":\"https:\\\/\\\/schema.org\",\"@graph\":[{\"@type\":\"Article\",\"@id\":\"https:\\\/\\\/ccnpps-ncchpp.ca\\\/fr\\\/premiere-rencontre-du-reseau-canadien-sur-la-sante-dans-toutes-les-politiques\\\/#article\",\"isPartOf\":{\"@id\":\"https:\\\/\\\/ccnpps-ncchpp.ca\\\/fr\\\/premiere-rencontre-du-reseau-canadien-sur-la-sante-dans-toutes-les-politiques\\\/\"},\"author\":{\"name\":\"Alexandra Espin-Espinoza\",\"@id\":\"https:\\\/\\\/ccnpps-ncchpp.ca\\\/fr\\\/#\\\/schema\\\/person\\\/781891e69448395f770a54b589113dd7\"},\"headline\":\"Premi\u00e8re rencontre du R\u00e9seau canadien sur la sant\u00e9 dans toutes les politiques (RCSdTP)\",\"datePublished\":\"2024-01-19T14:47:06+00:00\",\"dateModified\":\"2025-03-20T17:47:40+00:00\",\"mainEntityOfPage\":{\"@id\":\"https:\\\/\\\/ccnpps-ncchpp.ca\\\/fr\\\/premiere-rencontre-du-reseau-canadien-sur-la-sante-dans-toutes-les-politiques\\\/\"},\"wordCount\":1257,\"publisher\":{\"@id\":\"https:\\\/\\\/ccnpps-ncchpp.ca\\\/fr\\\/#organization\"},\"image\":{\"@id\":\"https:\\\/\\\/ccnpps-ncchpp.ca\\\/fr\\\/premiere-rencontre-du-reseau-canadien-sur-la-sante-dans-toutes-les-politiques\\\/#primaryimage\"},\"thumbnailUrl\":\"https:\\\/\\\/ccnpps-ncchpp.ca\\\/wp-content\\\/uploads\\\/2023\\\/11\\\/VignetteRCSDTP-FR.png\",\"keywords\":[\"#HiAP\",\"#SdTP\",\"cnhiap\"],\"articleSection\":[\"Activit\u00e9s du RCSdTP\",\"Sant\u00e9 dans toutes les politiques\"],\"inLanguage\":\"fr-FR\"},{\"@type\":\"WebPage\",\"@id\":\"https:\\\/\\\/ccnpps-ncchpp.ca\\\/fr\\\/premiere-rencontre-du-reseau-canadien-sur-la-sante-dans-toutes-les-politiques\\\/\",\"url\":\"https:\\\/\\\/ccnpps-ncchpp.ca\\\/fr\\\/premiere-rencontre-du-reseau-canadien-sur-la-sante-dans-toutes-les-politiques\\\/\",\"name\":\"Premi\u00e8re rencontre du R\u00e9seau canadien sur la sant\u00e9 dans toutes les politiques (RCSdTP) - Centre de collaboration nationale sur les politiques publiques et la sant\u00e9\",\"isPartOf\":{\"@id\":\"https:\\\/\\\/ccnpps-ncchpp.ca\\\/fr\\\/#website\"},\"primaryImageOfPage\":{\"@id\":\"https:\\\/\\\/ccnpps-ncchpp.ca\\\/fr\\\/premiere-rencontre-du-reseau-canadien-sur-la-sante-dans-toutes-les-politiques\\\/#primaryimage\"},\"image\":{\"@id\":\"https:\\\/\\\/ccnpps-ncchpp.ca\\\/fr\\\/premiere-rencontre-du-reseau-canadien-sur-la-sante-dans-toutes-les-politiques\\\/#primaryimage\"},\"thumbnailUrl\":\"https:\\\/\\\/ccnpps-ncchpp.ca\\\/wp-content\\\/uploads\\\/2023\\\/11\\\/VignetteRCSDTP-FR.png\",\"datePublished\":\"2024-01-19T14:47:06+00:00\",\"dateModified\":\"2025-03-20T17:47:40+00:00\",\"description\":\"Cette page pr\u00e9sente les pr\u00e9sentations PPT des conf\u00e9rences et des ateliers tenus lors de la premi\u00e8re rencontre du R\u00e9seau canadien sur la sant\u00e9 dans toutes les politiques (RCSdTP).\",\"breadcrumb\":{\"@id\":\"https:\\\/\\\/ccnpps-ncchpp.ca\\\/fr\\\/premiere-rencontre-du-reseau-canadien-sur-la-sante-dans-toutes-les-politiques\\\/#breadcrumb\"},\"inLanguage\":\"fr-FR\",\"potentialAction\":[{\"@type\":\"ReadAction\",\"target\":[\"https:\\\/\\\/ccnpps-ncchpp.ca\\\/fr\\\/premiere-rencontre-du-reseau-canadien-sur-la-sante-dans-toutes-les-politiques\\\/\"]}]},{\"@type\":\"ImageObject\",\"inLanguage\":\"fr-FR\",\"@id\":\"https:\\\/\\\/ccnpps-ncchpp.ca\\\/fr\\\/premiere-rencontre-du-reseau-canadien-sur-la-sante-dans-toutes-les-politiques\\\/#primaryimage\",\"url\":\"https:\\\/\\\/ccnpps-ncchpp.ca\\\/wp-content\\\/uploads\\\/2023\\\/11\\\/VignetteRCSDTP-FR.png\",\"contentUrl\":\"https:\\\/\\\/ccnpps-ncchpp.ca\\\/wp-content\\\/uploads\\\/2023\\\/11\\\/VignetteRCSDTP-FR.png\",\"width\":300,\"height\":400},{\"@type\":\"BreadcrumbList\",\"@id\":\"https:\\\/\\\/ccnpps-ncchpp.ca\\\/fr\\\/premiere-rencontre-du-reseau-canadien-sur-la-sante-dans-toutes-les-politiques\\\/#breadcrumb\",\"itemListElement\":[{\"@type\":\"ListItem\",\"position\":1,\"name\":\"Accueil\",\"item\":\"https:\\\/\\\/ccnpps-ncchpp.ca\\\/fr\\\/\"},{\"@type\":\"ListItem\",\"position\":2,\"name\":\"Premi\u00e8re rencontre du R\u00e9seau canadien sur la sant\u00e9 dans toutes les politiques (RCSdTP)\"}]},{\"@type\":\"WebSite\",\"@id\":\"https:\\\/\\\/ccnpps-ncchpp.ca\\\/fr\\\/#website\",\"url\":\"https:\\\/\\\/ccnpps-ncchpp.ca\\\/fr\\\/\",\"name\":\"Centre de collaboration nationale sur les politiques publiques et la sant\u00e9\",\"description\":\"\",\"publisher\":{\"@id\":\"https:\\\/\\\/ccnpps-ncchpp.ca\\\/fr\\\/#organization\"},\"potentialAction\":[{\"@type\":\"SearchAction\",\"target\":{\"@type\":\"EntryPoint\",\"urlTemplate\":\"https:\\\/\\\/ccnpps-ncchpp.ca\\\/fr\\\/?s={search_term_string}\"},\"query-input\":{\"@type\":\"PropertyValueSpecification\",\"valueRequired\":true,\"valueName\":\"search_term_string\"}}],\"inLanguage\":\"fr-FR\"},{\"@type\":\"Organization\",\"@id\":\"https:\\\/\\\/ccnpps-ncchpp.ca\\\/fr\\\/#organization\",\"name\":\"National Collaborating Centre for Healthy Public Policy\",\"alternateName\":\"CCNPPS\",\"url\":\"https:\\\/\\\/ccnpps-ncchpp.ca\\\/fr\\\/\",\"logo\":{\"@type\":\"ImageObject\",\"inLanguage\":\"fr-FR\",\"@id\":\"https:\\\/\\\/ccnpps-ncchpp.ca\\\/fr\\\/#\\\/schema\\\/logo\\\/image\\\/\",\"url\":\"https:\\\/\\\/ccnpps-ncchpp.ca\\\/wp-content\\\/uploads\\\/2021\\\/05\\\/Logorond250px.jpg\",\"contentUrl\":\"https:\\\/\\\/ccnpps-ncchpp.ca\\\/wp-content\\\/uploads\\\/2021\\\/05\\\/Logorond250px.jpg\",\"width\":250,\"height\":250,\"caption\":\"National Collaborating Centre for Healthy Public Policy\"},\"image\":{\"@id\":\"https:\\\/\\\/ccnpps-ncchpp.ca\\\/fr\\\/#\\\/schema\\\/logo\\\/image\\\/\"},\"sameAs\":[\"https:\\\/\\\/www.facebook.com\\\/CCNPPS.NCCHPP\",\"https:\\\/\\\/x.com\\\/NCCHPP\",\"https:\\\/\\\/twitter.com\\\/CCNPPS\"]},{\"@type\":\"Person\",\"@id\":\"https:\\\/\\\/ccnpps-ncchpp.ca\\\/fr\\\/#\\\/schema\\\/person\\\/781891e69448395f770a54b589113dd7\",\"name\":\"Alexandra Espin-Espinoza\",\"url\":\"https:\\\/\\\/ccnpps-ncchpp.ca\\\/fr\\\/author\\\/alexandra\\\/\"}]}<\/script>\n<!-- \/ Yoast SEO Premium plugin. -->","yoast_head_json":{"title":"Premi\u00e8re rencontre du R\u00e9seau canadien sur la sant\u00e9 dans toutes les politiques (RCSdTP) - Centre de collaboration nationale sur les politiques publiques et la sant\u00e9","description":"Cette page pr\u00e9sente les pr\u00e9sentations PPT des conf\u00e9rences et des ateliers tenus lors de la premi\u00e8re rencontre du R\u00e9seau canadien sur la sant\u00e9 dans toutes les politiques (RCSdTP).","robots":{"index":"index","follow":"follow","max-snippet":"max-snippet:-1","max-image-preview":"max-image-preview:large","max-video-preview":"max-video-preview:-1"},"canonical":"https:\/\/ccnpps-ncchpp.ca\/fr\/premiere-rencontre-du-reseau-canadien-sur-la-sante-dans-toutes-les-politiques\/","og_locale":"fr_FR","og_type":"article","og_title":"Premi\u00e8re rencontre du R\u00e9seau canadien sur la sant\u00e9 dans toutes les politiques (RCSdTP)","og_description":"Cette page pr\u00e9sente les pr\u00e9sentations PPT des conf\u00e9rences et des ateliers tenus lors de la premi\u00e8re rencontre du R\u00e9seau canadien sur la sant\u00e9 dans toutes les politiques (RCSdTP).","og_url":"https:\/\/ccnpps-ncchpp.ca\/fr\/premiere-rencontre-du-reseau-canadien-sur-la-sante-dans-toutes-les-politiques\/","og_site_name":"Centre de collaboration nationale sur les politiques publiques et la sant\u00e9","article_publisher":"https:\/\/www.facebook.com\/CCNPPS.NCCHPP","article_published_time":"2024-01-19T14:47:06+00:00","article_modified_time":"2025-03-20T17:47:40+00:00","og_image":[{"width":300,"height":400,"url":"https:\/\/ccnpps-ncchpp.ca\/wp-content\/uploads\/2023\/11\/VignetteRCSDTP-FR.png","type":"image\/png"}],"author":"Alexandra Espin-Espinoza","twitter_card":"summary_large_image","twitter_creator":"@NCCHPP","twitter_site":"@NCCHPP","twitter_misc":{"\u00c9crit par":"Alexandra Espin-Espinoza","Dur\u00e9e de lecture estim\u00e9e":"13 minutes"},"schema":{"@context":"https:\/\/schema.org","@graph":[{"@type":"Article","@id":"https:\/\/ccnpps-ncchpp.ca\/fr\/premiere-rencontre-du-reseau-canadien-sur-la-sante-dans-toutes-les-politiques\/#article","isPartOf":{"@id":"https:\/\/ccnpps-ncchpp.ca\/fr\/premiere-rencontre-du-reseau-canadien-sur-la-sante-dans-toutes-les-politiques\/"},"author":{"name":"Alexandra Espin-Espinoza","@id":"https:\/\/ccnpps-ncchpp.ca\/fr\/#\/schema\/person\/781891e69448395f770a54b589113dd7"},"headline":"Premi\u00e8re rencontre du R\u00e9seau canadien sur la sant\u00e9 dans toutes les politiques (RCSdTP)","datePublished":"2024-01-19T14:47:06+00:00","dateModified":"2025-03-20T17:47:40+00:00","mainEntityOfPage":{"@id":"https:\/\/ccnpps-ncchpp.ca\/fr\/premiere-rencontre-du-reseau-canadien-sur-la-sante-dans-toutes-les-politiques\/"},"wordCount":1257,"publisher":{"@id":"https:\/\/ccnpps-ncchpp.ca\/fr\/#organization"},"image":{"@id":"https:\/\/ccnpps-ncchpp.ca\/fr\/premiere-rencontre-du-reseau-canadien-sur-la-sante-dans-toutes-les-politiques\/#primaryimage"},"thumbnailUrl":"https:\/\/ccnpps-ncchpp.ca\/wp-content\/uploads\/2023\/11\/VignetteRCSDTP-FR.png","keywords":["#HiAP","#SdTP","cnhiap"],"articleSection":["Activit\u00e9s du RCSdTP","Sant\u00e9 dans toutes les politiques"],"inLanguage":"fr-FR"},{"@type":"WebPage","@id":"https:\/\/ccnpps-ncchpp.ca\/fr\/premiere-rencontre-du-reseau-canadien-sur-la-sante-dans-toutes-les-politiques\/","url":"https:\/\/ccnpps-ncchpp.ca\/fr\/premiere-rencontre-du-reseau-canadien-sur-la-sante-dans-toutes-les-politiques\/","name":"Premi\u00e8re rencontre du R\u00e9seau canadien sur la sant\u00e9 dans toutes les politiques (RCSdTP) - Centre de collaboration nationale sur les politiques publiques et la sant\u00e9","isPartOf":{"@id":"https:\/\/ccnpps-ncchpp.ca\/fr\/#website"},"primaryImageOfPage":{"@id":"https:\/\/ccnpps-ncchpp.ca\/fr\/premiere-rencontre-du-reseau-canadien-sur-la-sante-dans-toutes-les-politiques\/#primaryimage"},"image":{"@id":"https:\/\/ccnpps-ncchpp.ca\/fr\/premiere-rencontre-du-reseau-canadien-sur-la-sante-dans-toutes-les-politiques\/#primaryimage"},"thumbnailUrl":"https:\/\/ccnpps-ncchpp.ca\/wp-content\/uploads\/2023\/11\/VignetteRCSDTP-FR.png","datePublished":"2024-01-19T14:47:06+00:00","dateModified":"2025-03-20T17:47:40+00:00","description":"Cette page pr\u00e9sente les pr\u00e9sentations PPT des conf\u00e9rences et des ateliers tenus lors de la premi\u00e8re rencontre du R\u00e9seau canadien sur la sant\u00e9 dans toutes les politiques (RCSdTP).","breadcrumb":{"@id":"https:\/\/ccnpps-ncchpp.ca\/fr\/premiere-rencontre-du-reseau-canadien-sur-la-sante-dans-toutes-les-politiques\/#breadcrumb"},"inLanguage":"fr-FR","potentialAction":[{"@type":"ReadAction","target":["https:\/\/ccnpps-ncchpp.ca\/fr\/premiere-rencontre-du-reseau-canadien-sur-la-sante-dans-toutes-les-politiques\/"]}]},{"@type":"ImageObject","inLanguage":"fr-FR","@id":"https:\/\/ccnpps-ncchpp.ca\/fr\/premiere-rencontre-du-reseau-canadien-sur-la-sante-dans-toutes-les-politiques\/#primaryimage","url":"https:\/\/ccnpps-ncchpp.ca\/wp-content\/uploads\/2023\/11\/VignetteRCSDTP-FR.png","contentUrl":"https:\/\/ccnpps-ncchpp.ca\/wp-content\/uploads\/2023\/11\/VignetteRCSDTP-FR.png","width":300,"height":400},{"@type":"BreadcrumbList","@id":"https:\/\/ccnpps-ncchpp.ca\/fr\/premiere-rencontre-du-reseau-canadien-sur-la-sante-dans-toutes-les-politiques\/#breadcrumb","itemListElement":[{"@type":"ListItem","position":1,"name":"Accueil","item":"https:\/\/ccnpps-ncchpp.ca\/fr\/"},{"@type":"ListItem","position":2,"name":"Premi\u00e8re rencontre du R\u00e9seau canadien sur la sant\u00e9 dans toutes les politiques (RCSdTP)"}]},{"@type":"WebSite","@id":"https:\/\/ccnpps-ncchpp.ca\/fr\/#website","url":"https:\/\/ccnpps-ncchpp.ca\/fr\/","name":"Centre de collaboration nationale sur les politiques publiques et la sant\u00e9","description":"","publisher":{"@id":"https:\/\/ccnpps-ncchpp.ca\/fr\/#organization"},"potentialAction":[{"@type":"SearchAction","target":{"@type":"EntryPoint","urlTemplate":"https:\/\/ccnpps-ncchpp.ca\/fr\/?s={search_term_string}"},"query-input":{"@type":"PropertyValueSpecification","valueRequired":true,"valueName":"search_term_string"}}],"inLanguage":"fr-FR"},{"@type":"Organization","@id":"https:\/\/ccnpps-ncchpp.ca\/fr\/#organization","name":"National Collaborating Centre for Healthy Public Policy","alternateName":"CCNPPS","url":"https:\/\/ccnpps-ncchpp.ca\/fr\/","logo":{"@type":"ImageObject","inLanguage":"fr-FR","@id":"https:\/\/ccnpps-ncchpp.ca\/fr\/#\/schema\/logo\/image\/","url":"https:\/\/ccnpps-ncchpp.ca\/wp-content\/uploads\/2021\/05\/Logorond250px.jpg","contentUrl":"https:\/\/ccnpps-ncchpp.ca\/wp-content\/uploads\/2021\/05\/Logorond250px.jpg","width":250,"height":250,"caption":"National Collaborating Centre for Healthy Public Policy"},"image":{"@id":"https:\/\/ccnpps-ncchpp.ca\/fr\/#\/schema\/logo\/image\/"},"sameAs":["https:\/\/www.facebook.com\/CCNPPS.NCCHPP","https:\/\/x.com\/NCCHPP","https:\/\/twitter.com\/CCNPPS"]},{"@type":"Person","@id":"https:\/\/ccnpps-ncchpp.ca\/fr\/#\/schema\/person\/781891e69448395f770a54b589113dd7","name":"Alexandra Espin-Espinoza","url":"https:\/\/ccnpps-ncchpp.ca\/fr\/author\/alexandra\/"}]}},"_links":{"self":[{"href":"https:\/\/ccnpps-ncchpp.ca\/fr\/wp-json\/wp\/v2\/posts\/26222","targetHints":{"allow":["GET"]}}],"collection":[{"href":"https:\/\/ccnpps-ncchpp.ca\/fr\/wp-json\/wp\/v2\/posts"}],"about":[{"href":"https:\/\/ccnpps-ncchpp.ca\/fr\/wp-json\/wp\/v2\/types\/post"}],"author":[{"embeddable":true,"href":"https:\/\/ccnpps-ncchpp.ca\/fr\/wp-json\/wp\/v2\/users\/5"}],"replies":[{"embeddable":true,"href":"https:\/\/ccnpps-ncchpp.ca\/fr\/wp-json\/wp\/v2\/comments?post=26222"}],"version-history":[{"count":0,"href":"https:\/\/ccnpps-ncchpp.ca\/fr\/wp-json\/wp\/v2\/posts\/26222\/revisions"}],"wp:featuredmedia":[{"embeddable":true,"href":"https:\/\/ccnpps-ncchpp.ca\/fr\/wp-json\/wp\/v2\/media\/25971"}],"wp:attachment":[{"href":"https:\/\/ccnpps-ncchpp.ca\/fr\/wp-json\/wp\/v2\/media?parent=26222"}],"wp:term":[{"taxonomy":"category","embeddable":true,"href":"https:\/\/ccnpps-ncchpp.ca\/fr\/wp-json\/wp\/v2\/categories?post=26222"},{"taxonomy":"post_tag","embeddable":true,"href":"https:\/\/ccnpps-ncchpp.ca\/fr\/wp-json\/wp\/v2\/tags?post=26222"}],"curies":[{"name":"wp","href":"https:\/\/api.w.org\/{rel}","templated":true}]}}