{"id":26616,"date":"2024-03-18T15:05:30","date_gmt":"2024-03-18T15:05:30","guid":{"rendered":"https:\/\/ccnpps-ncchpp.ca\/?p=26616"},"modified":"2025-03-20T17:49:25","modified_gmt":"2025-03-20T17:49:25","slug":"le-ccnpps-participera-a-la-conference-sante-publique-2024-prevue-du-23-au-25-avril-a-halifax","status":"publish","type":"post","link":"https:\/\/ccnpps-ncchpp.ca\/fr\/le-ccnpps-participera-a-la-conference-sante-publique-2024-prevue-du-23-au-25-avril-a-halifax\/","title":{"rendered":"Le CCNPPS participera \u00e0 la Conf\u00e9rence Sant\u00e9 Publique 2024, pr\u00e9vue du 23 au 25 avril, \u00e0 Halifax"},"content":{"rendered":"<p>[et_pb_section fb_built=\u00a0\u00bb1&Prime; _builder_version=\u00a0\u00bb3.22&Prime;][et_pb_row column_structure=\u00a0\u00bb3_4,1_4&Prime; _builder_version=\u00a0\u00bb3.27.4&Prime; background_size=\u00a0\u00bbinitial\u00a0\u00bb background_position=\u00a0\u00bbtop_left\u00a0\u00bb background_repeat=\u00a0\u00bbrepeat\u00a0\u00bb custom_margin=\u00a0\u00bb-61px|auto||auto||\u00a0\u00bb custom_padding=\u00a0\u00bb||0px|||\u00a0\u00bb][et_pb_column type=\u00a0\u00bb3_4&Prime; _builder_version=\u00a0\u00bb3.25&Prime; custom_padding=\u00a0\u00bb|||\u00a0\u00bb custom_padding__hover=\u00a0\u00bb|||\u00a0\u00bb][et_pb_text _builder_version=\u00a0\u00bb4.9.1&Prime; background_size=\u00a0\u00bbinitial\u00a0\u00bb background_position=\u00a0\u00bbtop_left\u00a0\u00bb background_repeat=\u00a0\u00bbrepeat\u00a0\u00bb]<\/p>\n<p>Voici un aper\u00e7u des diff\u00e9rentes activit\u00e9s que nous avons pr\u00e9vues \u00e0 la conf\u00e9rence Sant\u00e9 Publique 2024, \u00e0 Halifax :<\/p>\n<p><strong>Symposium<\/strong><br \/>Le 25 avril, le CCNPPS offrira un symposium (en anglais) intitul\u00e9 : <em>Que peuvent faire les organisations pour am\u00e9liorer leur capacit\u00e9 \u00e0 promouvoir des politiques publiques favorables \u00e0 la sant\u00e9?<\/em><br \/>Les conf\u00e9renciers pr\u00e9senteront un aper\u00e7u des strat\u00e9gies disponibles pour les organisations de sant\u00e9 publique qui souhaitent d\u00e9velopper leurs capacit\u00e9s afin de maximiser leur r\u00f4le dans la promotion, l\u2019adoption et la mise en \u0153uvre de politiques publiques favorables \u00e0 la sant\u00e9. Appuy\u00e9s par l\u2019analyse de la litt\u00e9rature r\u00e9alis\u00e9e par le CCNPPS et les exp\u00e9riences de Vancouver Coastal Heath et de l\u2019unit\u00e9 de sant\u00e9 publique de Nova Scotia Health, les conf\u00e9renciers d\u00e9criront un \u00e9ventail d\u2019initiatives mises en \u0153uvre par diff\u00e9rentes organisations de sant\u00e9 publique.<\/p>\n<p><strong>Communication affich\u00e9e<\/strong><br \/>Notre coll\u00e8gue Willy Dunbar pr\u00e9sentera une affiche portant sur <em>Les fonctions de surveillance en sant\u00e9 publique dans diff\u00e9rents pays<\/em>, un projet en partenariat avec nos coll\u00e8gues du CCN sur les m\u00e9thodes et outils.<\/p>\n<p><strong>S\u00e9ance<\/strong><br \/>Willy va \u00e9galement repr\u00e9senter le CCNPPS lors de la s\u00e9ance intitul\u00e9e : <em>Addressing the social determinants of nutrition through public health surveillance: Documenting food inequities to inform policies<\/em>. Pr\u00e9sent\u00e9e par l&rsquo;Alliance canadienne de surveillance r\u00e9gionale des facteurs de risque, cet atelier aura lieu le mardi 23 avril.<\/p>\n<p><strong>Exposant<\/strong><br \/>Le CCNPPS aura un kiosque au salon des exposants, n\u2019h\u00e9sitez pas \u00e0 venir \u00e9changer avec nous!<\/p>\n<p>Pour en savoir plus \u00e0 propos de la conf\u00e9rence et consulter la programmation, <a href=\"https:\/\/www.cpha.ca\/fr\/santepublique2024\" target=\"_blank\" rel=\"noopener\">cliquez ici<\/a>.<\/p>\n<p>[\/et_pb_text][\/et_pb_column][et_pb_column type=\u00a0\u00bb1_4&Prime; _builder_version=\u00a0\u00bb3.25&Prime; custom_padding=\u00a0\u00bb|||\u00a0\u00bb custom_padding__hover=\u00a0\u00bb|||\u00a0\u00bb][et_pb_image src=\u00a0\u00bbhttps:\/\/ccnpps-ncchpp.ca\/wp-content\/uploads\/2024\/03\/ph24-final-program-cover.png\u00a0\u00bb alt=\u00a0\u00bbQuels facteurs consid\u00e9rer pour favoriser l\u2019importation d\u2019une politique publique en sant\u00e9 publique?\u00a0\u00bb title_text=\u00a0\u00bbph24-final-program-cover\u00a0\u00bb url=\u00a0\u00bbhttps:\/\/www.cpha.ca\/fr\/santepublique2024&Prime; url_new_window=\u00a0\u00bbon\u00a0\u00bb _builder_version=\u00a0\u00bb4.9.1&Prime; max_width=\u00a0\u00bb100%\u00a0\u00bb custom_margin=\u00a0\u00bb2px||2px||false|false\u00a0\u00bb custom_padding=\u00a0\u00bb|||0px||\u00a0\u00bb custom_css_main_element=\u00a0\u00bbfilter: drop-shadow(2px 4px 6px black);||\t\t\t margin-left: 2px;\u00a0\u00bb border_radii=\u00a0\u00bbon|12px|12px|12px|12px\u00a0\u00bb border_color_all=\u00a0\u00bb#000000&Prime; src__hover_enabled=\u00a0\u00bboff|desktop\u00a0\u00bb][\/et_pb_image][\/et_pb_column][\/et_pb_row][\/et_pb_section]<\/p>\n","protected":false},"excerpt":{"rendered":"<p>Le CCNPPS participera \u00e0 la Conf\u00e9rence Sant\u00e9 Publique 2024, pr\u00e9vue du 23 au 25 avril, \u00e0 Halifax, Cliquez pour d\u00e9couvrir les diff\u00e9rentes activit\u00e9s que nous avons pr\u00e9vues pour l&rsquo;occasion!<\/p>\n","protected":false},"author":2,"featured_media":26620,"comment_status":"closed","ping_status":"open","sticky":false,"template":"","format":"standard","meta":{"_et_pb_use_builder":"on","_et_pb_old_content":"","_et_gb_content_width":"","footnotes":""},"categories":[2],"tags":[],"class_list":["post-26616","post","type-post","status-publish","format-standard","has-post-thumbnail","hentry","category-non-classifiee"],"yoast_head":"<!-- This site is optimized with the Yoast SEO Premium plugin v27.5 (Yoast SEO v27.5) - https:\/\/yoast.com\/product\/yoast-seo-premium-wordpress\/ -->\n<title>Le CCNPPS participera \u00e0 la Conf\u00e9rence Sant\u00e9 Publique 2024, pr\u00e9vue du 23 au 25 avril, \u00e0 Halifax - Centre de collaboration nationale sur les politiques publiques et la sant\u00e9<\/title>\n<meta name=\"robots\" content=\"index, follow, max-snippet:-1, max-image-preview:large, max-video-preview:-1\" \/>\n<link rel=\"canonical\" href=\"https:\/\/ccnpps-ncchpp.ca\/fr\/le-ccnpps-participera-a-la-conference-sante-publique-2024-prevue-du-23-au-25-avril-a-halifax\/\" \/>\n<meta property=\"og:locale\" content=\"fr_FR\" \/>\n<meta property=\"og:type\" content=\"article\" \/>\n<meta property=\"og:title\" content=\"Le CCNPPS participera \u00e0 la Conf\u00e9rence Sant\u00e9 Publique 2024, pr\u00e9vue du 23 au 25 avril, \u00e0 Halifax\" \/>\n<meta property=\"og:description\" content=\"Le CCNPPS participera \u00e0 la Conf\u00e9rence Sant\u00e9 Publique 2024, pr\u00e9vue du 23 au 25 avril, \u00e0 Halifax, Cliquez pour d\u00e9couvrir les diff\u00e9rentes activit\u00e9s que nous avons pr\u00e9vues pour l&#039;occasion!\" \/>\n<meta property=\"og:url\" content=\"https:\/\/ccnpps-ncchpp.ca\/fr\/le-ccnpps-participera-a-la-conference-sante-publique-2024-prevue-du-23-au-25-avril-a-halifax\/\" \/>\n<meta property=\"og:site_name\" content=\"Centre de collaboration nationale sur les politiques publiques et la sant\u00e9\" \/>\n<meta property=\"article:publisher\" content=\"https:\/\/www.facebook.com\/CCNPPS.NCCHPP\" \/>\n<meta property=\"article:published_time\" content=\"2024-03-18T15:05:30+00:00\" \/>\n<meta property=\"article:modified_time\" content=\"2025-03-20T17:49:25+00:00\" \/>\n<meta property=\"og:image\" content=\"https:\/\/ccnpps-ncchpp.ca\/wp-content\/uploads\/2024\/03\/ph24-final-program-cover.png\" \/>\n\t<meta property=\"og:image:width\" content=\"224\" \/>\n\t<meta property=\"og:image:height\" content=\"290\" \/>\n\t<meta property=\"og:image:type\" content=\"image\/png\" \/>\n<meta name=\"author\" content=\"admin\" \/>\n<meta name=\"twitter:card\" content=\"summary_large_image\" \/>\n<meta name=\"twitter:creator\" content=\"@NCCHPP\" \/>\n<meta name=\"twitter:site\" content=\"@NCCHPP\" \/>\n<meta name=\"twitter:label1\" content=\"\u00c9crit par\" \/>\n\t<meta name=\"twitter:data1\" content=\"admin\" \/>\n\t<meta name=\"twitter:label2\" content=\"Dur\u00e9e de lecture estim\u00e9e\" \/>\n\t<meta name=\"twitter:data2\" content=\"2 minutes\" \/>\n<script type=\"application\/ld+json\" class=\"yoast-schema-graph\">{\"@context\":\"https:\\\/\\\/schema.org\",\"@graph\":[{\"@type\":\"Article\",\"@id\":\"https:\\\/\\\/ccnpps-ncchpp.ca\\\/fr\\\/le-ccnpps-participera-a-la-conference-sante-publique-2024-prevue-du-23-au-25-avril-a-halifax\\\/#article\",\"isPartOf\":{\"@id\":\"https:\\\/\\\/ccnpps-ncchpp.ca\\\/fr\\\/le-ccnpps-participera-a-la-conference-sante-publique-2024-prevue-du-23-au-25-avril-a-halifax\\\/\"},\"author\":{\"name\":\"admin\",\"@id\":\"https:\\\/\\\/ccnpps-ncchpp.ca\\\/fr\\\/#\\\/schema\\\/person\\\/a5ced452619e1398edd94ef208f17458\"},\"headline\":\"Le CCNPPS participera \u00e0 la Conf\u00e9rence Sant\u00e9 Publique 2024, pr\u00e9vue du 23 au 25 avril, \u00e0 Halifax\",\"datePublished\":\"2024-03-18T15:05:30+00:00\",\"dateModified\":\"2025-03-20T17:49:25+00:00\",\"mainEntityOfPage\":{\"@id\":\"https:\\\/\\\/ccnpps-ncchpp.ca\\\/fr\\\/le-ccnpps-participera-a-la-conference-sante-publique-2024-prevue-du-23-au-25-avril-a-halifax\\\/\"},\"wordCount\":460,\"publisher\":{\"@id\":\"https:\\\/\\\/ccnpps-ncchpp.ca\\\/fr\\\/#organization\"},\"image\":{\"@id\":\"https:\\\/\\\/ccnpps-ncchpp.ca\\\/fr\\\/le-ccnpps-participera-a-la-conference-sante-publique-2024-prevue-du-23-au-25-avril-a-halifax\\\/#primaryimage\"},\"thumbnailUrl\":\"https:\\\/\\\/ccnpps-ncchpp.ca\\\/wp-content\\\/uploads\\\/2024\\\/03\\\/ph24-final-program-cover.png\",\"articleSection\":[\"Non classifi\u00e9(e)\"],\"inLanguage\":\"fr-FR\"},{\"@type\":\"WebPage\",\"@id\":\"https:\\\/\\\/ccnpps-ncchpp.ca\\\/fr\\\/le-ccnpps-participera-a-la-conference-sante-publique-2024-prevue-du-23-au-25-avril-a-halifax\\\/\",\"url\":\"https:\\\/\\\/ccnpps-ncchpp.ca\\\/fr\\\/le-ccnpps-participera-a-la-conference-sante-publique-2024-prevue-du-23-au-25-avril-a-halifax\\\/\",\"name\":\"Le CCNPPS participera \u00e0 la Conf\u00e9rence Sant\u00e9 Publique 2024, pr\u00e9vue du 23 au 25 avril, \u00e0 Halifax - Centre de collaboration nationale sur les politiques publiques et la sant\u00e9\",\"isPartOf\":{\"@id\":\"https:\\\/\\\/ccnpps-ncchpp.ca\\\/fr\\\/#website\"},\"primaryImageOfPage\":{\"@id\":\"https:\\\/\\\/ccnpps-ncchpp.ca\\\/fr\\\/le-ccnpps-participera-a-la-conference-sante-publique-2024-prevue-du-23-au-25-avril-a-halifax\\\/#primaryimage\"},\"image\":{\"@id\":\"https:\\\/\\\/ccnpps-ncchpp.ca\\\/fr\\\/le-ccnpps-participera-a-la-conference-sante-publique-2024-prevue-du-23-au-25-avril-a-halifax\\\/#primaryimage\"},\"thumbnailUrl\":\"https:\\\/\\\/ccnpps-ncchpp.ca\\\/wp-content\\\/uploads\\\/2024\\\/03\\\/ph24-final-program-cover.png\",\"datePublished\":\"2024-03-18T15:05:30+00:00\",\"dateModified\":\"2025-03-20T17:49:25+00:00\",\"breadcrumb\":{\"@id\":\"https:\\\/\\\/ccnpps-ncchpp.ca\\\/fr\\\/le-ccnpps-participera-a-la-conference-sante-publique-2024-prevue-du-23-au-25-avril-a-halifax\\\/#breadcrumb\"},\"inLanguage\":\"fr-FR\",\"potentialAction\":[{\"@type\":\"ReadAction\",\"target\":[\"https:\\\/\\\/ccnpps-ncchpp.ca\\\/fr\\\/le-ccnpps-participera-a-la-conference-sante-publique-2024-prevue-du-23-au-25-avril-a-halifax\\\/\"]}]},{\"@type\":\"ImageObject\",\"inLanguage\":\"fr-FR\",\"@id\":\"https:\\\/\\\/ccnpps-ncchpp.ca\\\/fr\\\/le-ccnpps-participera-a-la-conference-sante-publique-2024-prevue-du-23-au-25-avril-a-halifax\\\/#primaryimage\",\"url\":\"https:\\\/\\\/ccnpps-ncchpp.ca\\\/wp-content\\\/uploads\\\/2024\\\/03\\\/ph24-final-program-cover.png\",\"contentUrl\":\"https:\\\/\\\/ccnpps-ncchpp.ca\\\/wp-content\\\/uploads\\\/2024\\\/03\\\/ph24-final-program-cover.png\",\"width\":224,\"height\":290},{\"@type\":\"BreadcrumbList\",\"@id\":\"https:\\\/\\\/ccnpps-ncchpp.ca\\\/fr\\\/le-ccnpps-participera-a-la-conference-sante-publique-2024-prevue-du-23-au-25-avril-a-halifax\\\/#breadcrumb\",\"itemListElement\":[{\"@type\":\"ListItem\",\"position\":1,\"name\":\"Accueil\",\"item\":\"https:\\\/\\\/ccnpps-ncchpp.ca\\\/fr\\\/\"},{\"@type\":\"ListItem\",\"position\":2,\"name\":\"Le CCNPPS participera \u00e0 la Conf\u00e9rence Sant\u00e9 Publique 2024, pr\u00e9vue du 23 au 25 avril, \u00e0 Halifax\"}]},{\"@type\":\"WebSite\",\"@id\":\"https:\\\/\\\/ccnpps-ncchpp.ca\\\/fr\\\/#website\",\"url\":\"https:\\\/\\\/ccnpps-ncchpp.ca\\\/fr\\\/\",\"name\":\"Centre de collaboration nationale sur les politiques publiques et la sant\u00e9\",\"description\":\"\",\"publisher\":{\"@id\":\"https:\\\/\\\/ccnpps-ncchpp.ca\\\/fr\\\/#organization\"},\"potentialAction\":[{\"@type\":\"SearchAction\",\"target\":{\"@type\":\"EntryPoint\",\"urlTemplate\":\"https:\\\/\\\/ccnpps-ncchpp.ca\\\/fr\\\/?s={search_term_string}\"},\"query-input\":{\"@type\":\"PropertyValueSpecification\",\"valueRequired\":true,\"valueName\":\"search_term_string\"}}],\"inLanguage\":\"fr-FR\"},{\"@type\":\"Organization\",\"@id\":\"https:\\\/\\\/ccnpps-ncchpp.ca\\\/fr\\\/#organization\",\"name\":\"National Collaborating Centre for Healthy Public Policy\",\"alternateName\":\"CCNPPS\",\"url\":\"https:\\\/\\\/ccnpps-ncchpp.ca\\\/fr\\\/\",\"logo\":{\"@type\":\"ImageObject\",\"inLanguage\":\"fr-FR\",\"@id\":\"https:\\\/\\\/ccnpps-ncchpp.ca\\\/fr\\\/#\\\/schema\\\/logo\\\/image\\\/\",\"url\":\"https:\\\/\\\/ccnpps-ncchpp.ca\\\/wp-content\\\/uploads\\\/2021\\\/05\\\/Logorond250px.jpg\",\"contentUrl\":\"https:\\\/\\\/ccnpps-ncchpp.ca\\\/wp-content\\\/uploads\\\/2021\\\/05\\\/Logorond250px.jpg\",\"width\":250,\"height\":250,\"caption\":\"National Collaborating Centre for Healthy Public Policy\"},\"image\":{\"@id\":\"https:\\\/\\\/ccnpps-ncchpp.ca\\\/fr\\\/#\\\/schema\\\/logo\\\/image\\\/\"},\"sameAs\":[\"https:\\\/\\\/www.facebook.com\\\/CCNPPS.NCCHPP\",\"https:\\\/\\\/x.com\\\/NCCHPP\",\"https:\\\/\\\/twitter.com\\\/CCNPPS\"]},{\"@type\":\"Person\",\"@id\":\"https:\\\/\\\/ccnpps-ncchpp.ca\\\/fr\\\/#\\\/schema\\\/person\\\/a5ced452619e1398edd94ef208f17458\",\"name\":\"admin\",\"url\":\"https:\\\/\\\/ccnpps-ncchpp.ca\\\/fr\\\/author\\\/mylene\\\/\"}]}<\/script>\n<!-- \/ Yoast SEO Premium plugin. -->","yoast_head_json":{"title":"Le CCNPPS participera \u00e0 la Conf\u00e9rence Sant\u00e9 Publique 2024, pr\u00e9vue du 23 au 25 avril, \u00e0 Halifax - Centre de collaboration nationale sur les politiques publiques et la sant\u00e9","robots":{"index":"index","follow":"follow","max-snippet":"max-snippet:-1","max-image-preview":"max-image-preview:large","max-video-preview":"max-video-preview:-1"},"canonical":"https:\/\/ccnpps-ncchpp.ca\/fr\/le-ccnpps-participera-a-la-conference-sante-publique-2024-prevue-du-23-au-25-avril-a-halifax\/","og_locale":"fr_FR","og_type":"article","og_title":"Le CCNPPS participera \u00e0 la Conf\u00e9rence Sant\u00e9 Publique 2024, pr\u00e9vue du 23 au 25 avril, \u00e0 Halifax","og_description":"Le CCNPPS participera \u00e0 la Conf\u00e9rence Sant\u00e9 Publique 2024, pr\u00e9vue du 23 au 25 avril, \u00e0 Halifax, Cliquez pour d\u00e9couvrir les diff\u00e9rentes activit\u00e9s que nous avons pr\u00e9vues pour l'occasion!","og_url":"https:\/\/ccnpps-ncchpp.ca\/fr\/le-ccnpps-participera-a-la-conference-sante-publique-2024-prevue-du-23-au-25-avril-a-halifax\/","og_site_name":"Centre de collaboration nationale sur les politiques publiques et la sant\u00e9","article_publisher":"https:\/\/www.facebook.com\/CCNPPS.NCCHPP","article_published_time":"2024-03-18T15:05:30+00:00","article_modified_time":"2025-03-20T17:49:25+00:00","og_image":[{"width":224,"height":290,"url":"https:\/\/ccnpps-ncchpp.ca\/wp-content\/uploads\/2024\/03\/ph24-final-program-cover.png","type":"image\/png"}],"author":"admin","twitter_card":"summary_large_image","twitter_creator":"@NCCHPP","twitter_site":"@NCCHPP","twitter_misc":{"\u00c9crit par":"admin","Dur\u00e9e de lecture estim\u00e9e":"2 minutes"},"schema":{"@context":"https:\/\/schema.org","@graph":[{"@type":"Article","@id":"https:\/\/ccnpps-ncchpp.ca\/fr\/le-ccnpps-participera-a-la-conference-sante-publique-2024-prevue-du-23-au-25-avril-a-halifax\/#article","isPartOf":{"@id":"https:\/\/ccnpps-ncchpp.ca\/fr\/le-ccnpps-participera-a-la-conference-sante-publique-2024-prevue-du-23-au-25-avril-a-halifax\/"},"author":{"name":"admin","@id":"https:\/\/ccnpps-ncchpp.ca\/fr\/#\/schema\/person\/a5ced452619e1398edd94ef208f17458"},"headline":"Le CCNPPS participera \u00e0 la Conf\u00e9rence Sant\u00e9 Publique 2024, pr\u00e9vue du 23 au 25 avril, \u00e0 Halifax","datePublished":"2024-03-18T15:05:30+00:00","dateModified":"2025-03-20T17:49:25+00:00","mainEntityOfPage":{"@id":"https:\/\/ccnpps-ncchpp.ca\/fr\/le-ccnpps-participera-a-la-conference-sante-publique-2024-prevue-du-23-au-25-avril-a-halifax\/"},"wordCount":460,"publisher":{"@id":"https:\/\/ccnpps-ncchpp.ca\/fr\/#organization"},"image":{"@id":"https:\/\/ccnpps-ncchpp.ca\/fr\/le-ccnpps-participera-a-la-conference-sante-publique-2024-prevue-du-23-au-25-avril-a-halifax\/#primaryimage"},"thumbnailUrl":"https:\/\/ccnpps-ncchpp.ca\/wp-content\/uploads\/2024\/03\/ph24-final-program-cover.png","articleSection":["Non classifi\u00e9(e)"],"inLanguage":"fr-FR"},{"@type":"WebPage","@id":"https:\/\/ccnpps-ncchpp.ca\/fr\/le-ccnpps-participera-a-la-conference-sante-publique-2024-prevue-du-23-au-25-avril-a-halifax\/","url":"https:\/\/ccnpps-ncchpp.ca\/fr\/le-ccnpps-participera-a-la-conference-sante-publique-2024-prevue-du-23-au-25-avril-a-halifax\/","name":"Le CCNPPS participera \u00e0 la Conf\u00e9rence Sant\u00e9 Publique 2024, pr\u00e9vue du 23 au 25 avril, \u00e0 Halifax - Centre de collaboration nationale sur les politiques publiques et la sant\u00e9","isPartOf":{"@id":"https:\/\/ccnpps-ncchpp.ca\/fr\/#website"},"primaryImageOfPage":{"@id":"https:\/\/ccnpps-ncchpp.ca\/fr\/le-ccnpps-participera-a-la-conference-sante-publique-2024-prevue-du-23-au-25-avril-a-halifax\/#primaryimage"},"image":{"@id":"https:\/\/ccnpps-ncchpp.ca\/fr\/le-ccnpps-participera-a-la-conference-sante-publique-2024-prevue-du-23-au-25-avril-a-halifax\/#primaryimage"},"thumbnailUrl":"https:\/\/ccnpps-ncchpp.ca\/wp-content\/uploads\/2024\/03\/ph24-final-program-cover.png","datePublished":"2024-03-18T15:05:30+00:00","dateModified":"2025-03-20T17:49:25+00:00","breadcrumb":{"@id":"https:\/\/ccnpps-ncchpp.ca\/fr\/le-ccnpps-participera-a-la-conference-sante-publique-2024-prevue-du-23-au-25-avril-a-halifax\/#breadcrumb"},"inLanguage":"fr-FR","potentialAction":[{"@type":"ReadAction","target":["https:\/\/ccnpps-ncchpp.ca\/fr\/le-ccnpps-participera-a-la-conference-sante-publique-2024-prevue-du-23-au-25-avril-a-halifax\/"]}]},{"@type":"ImageObject","inLanguage":"fr-FR","@id":"https:\/\/ccnpps-ncchpp.ca\/fr\/le-ccnpps-participera-a-la-conference-sante-publique-2024-prevue-du-23-au-25-avril-a-halifax\/#primaryimage","url":"https:\/\/ccnpps-ncchpp.ca\/wp-content\/uploads\/2024\/03\/ph24-final-program-cover.png","contentUrl":"https:\/\/ccnpps-ncchpp.ca\/wp-content\/uploads\/2024\/03\/ph24-final-program-cover.png","width":224,"height":290},{"@type":"BreadcrumbList","@id":"https:\/\/ccnpps-ncchpp.ca\/fr\/le-ccnpps-participera-a-la-conference-sante-publique-2024-prevue-du-23-au-25-avril-a-halifax\/#breadcrumb","itemListElement":[{"@type":"ListItem","position":1,"name":"Accueil","item":"https:\/\/ccnpps-ncchpp.ca\/fr\/"},{"@type":"ListItem","position":2,"name":"Le CCNPPS participera \u00e0 la Conf\u00e9rence Sant\u00e9 Publique 2024, pr\u00e9vue du 23 au 25 avril, \u00e0 Halifax"}]},{"@type":"WebSite","@id":"https:\/\/ccnpps-ncchpp.ca\/fr\/#website","url":"https:\/\/ccnpps-ncchpp.ca\/fr\/","name":"Centre de collaboration nationale sur les politiques publiques et la sant\u00e9","description":"","publisher":{"@id":"https:\/\/ccnpps-ncchpp.ca\/fr\/#organization"},"potentialAction":[{"@type":"SearchAction","target":{"@type":"EntryPoint","urlTemplate":"https:\/\/ccnpps-ncchpp.ca\/fr\/?s={search_term_string}"},"query-input":{"@type":"PropertyValueSpecification","valueRequired":true,"valueName":"search_term_string"}}],"inLanguage":"fr-FR"},{"@type":"Organization","@id":"https:\/\/ccnpps-ncchpp.ca\/fr\/#organization","name":"National Collaborating Centre for Healthy Public Policy","alternateName":"CCNPPS","url":"https:\/\/ccnpps-ncchpp.ca\/fr\/","logo":{"@type":"ImageObject","inLanguage":"fr-FR","@id":"https:\/\/ccnpps-ncchpp.ca\/fr\/#\/schema\/logo\/image\/","url":"https:\/\/ccnpps-ncchpp.ca\/wp-content\/uploads\/2021\/05\/Logorond250px.jpg","contentUrl":"https:\/\/ccnpps-ncchpp.ca\/wp-content\/uploads\/2021\/05\/Logorond250px.jpg","width":250,"height":250,"caption":"National Collaborating Centre for Healthy Public Policy"},"image":{"@id":"https:\/\/ccnpps-ncchpp.ca\/fr\/#\/schema\/logo\/image\/"},"sameAs":["https:\/\/www.facebook.com\/CCNPPS.NCCHPP","https:\/\/x.com\/NCCHPP","https:\/\/twitter.com\/CCNPPS"]},{"@type":"Person","@id":"https:\/\/ccnpps-ncchpp.ca\/fr\/#\/schema\/person\/a5ced452619e1398edd94ef208f17458","name":"admin","url":"https:\/\/ccnpps-ncchpp.ca\/fr\/author\/mylene\/"}]}},"_links":{"self":[{"href":"https:\/\/ccnpps-ncchpp.ca\/fr\/wp-json\/wp\/v2\/posts\/26616","targetHints":{"allow":["GET"]}}],"collection":[{"href":"https:\/\/ccnpps-ncchpp.ca\/fr\/wp-json\/wp\/v2\/posts"}],"about":[{"href":"https:\/\/ccnpps-ncchpp.ca\/fr\/wp-json\/wp\/v2\/types\/post"}],"author":[{"embeddable":true,"href":"https:\/\/ccnpps-ncchpp.ca\/fr\/wp-json\/wp\/v2\/users\/2"}],"replies":[{"embeddable":true,"href":"https:\/\/ccnpps-ncchpp.ca\/fr\/wp-json\/wp\/v2\/comments?post=26616"}],"version-history":[{"count":0,"href":"https:\/\/ccnpps-ncchpp.ca\/fr\/wp-json\/wp\/v2\/posts\/26616\/revisions"}],"wp:featuredmedia":[{"embeddable":true,"href":"https:\/\/ccnpps-ncchpp.ca\/fr\/wp-json\/wp\/v2\/media\/26620"}],"wp:attachment":[{"href":"https:\/\/ccnpps-ncchpp.ca\/fr\/wp-json\/wp\/v2\/media?parent=26616"}],"wp:term":[{"taxonomy":"category","embeddable":true,"href":"https:\/\/ccnpps-ncchpp.ca\/fr\/wp-json\/wp\/v2\/categories?post=26616"},{"taxonomy":"post_tag","embeddable":true,"href":"https:\/\/ccnpps-ncchpp.ca\/fr\/wp-json\/wp\/v2\/tags?post=26616"}],"curies":[{"name":"wp","href":"https:\/\/api.w.org\/{rel}","templated":true}]}}