{"id":29266,"date":"2025-11-19T07:46:26","date_gmt":"2025-11-19T07:46:26","guid":{"rendered":"https:\/\/ccnpps-ncchpp.ca\/?p=29266"},"modified":"2025-11-28T16:17:18","modified_gmt":"2025-11-28T16:17:18","slug":"webinaire-lequite-en-contexte-de-crise-sattaquer-aux-questions-dequite-en-contexte-durgence","status":"publish","type":"post","link":"https:\/\/ccnpps-ncchpp.ca\/fr\/webinaire-lequite-en-contexte-de-crise-sattaquer-aux-questions-dequite-en-contexte-durgence\/","title":{"rendered":"Webinaire \u2013 L\u2019\u00c9quit\u00e9 en contexte de crise : S\u2019attaquer aux questions d\u2019\u00e9quit\u00e9 en contexte d\u2019urgence"},"content":{"rendered":"<p>[et_pb_section fb_built=\u00a0\u00bb1&Prime; _builder_version=\u00a0\u00bb4.9.1&Prime; _module_preset=\u00a0\u00bbdefault\u00a0\u00bb][et_pb_row column_structure=\u00a0\u00bb3_4,1_4&Prime; _builder_version=\u00a0\u00bb3.27.4&Prime; background_size=\u00a0\u00bbinitial\u00a0\u00bb background_position=\u00a0\u00bbtop_left\u00a0\u00bb background_repeat=\u00a0\u00bbrepeat\u00a0\u00bb custom_margin=\u00a0\u00bb-61px|auto||auto||\u00a0\u00bb custom_padding=\u00a0\u00bb||0px|||\u00a0\u00bb][et_pb_column type=\u00a0\u00bb3_4&Prime; _builder_version=\u00a0\u00bb3.25&Prime; custom_padding=\u00a0\u00bb|||\u00a0\u00bb custom_padding__hover=\u00a0\u00bb|||\u00a0\u00bb][et_pb_text _builder_version=\u00a0\u00bb4.9.1&Prime; background_size=\u00a0\u00bbinitial\u00a0\u00bb background_position=\u00a0\u00bbtop_left\u00a0\u00bb background_repeat=\u00a0\u00bbrepeat\u00a0\u00bb]<\/p>\n<p><strong>*Ce webinaire \u00e9tait offert en anglais avec traduction simultan\u00e9e en fran\u00e7ais via Wordly.<\/strong><\/p>\n<p><strong>DESCRIPTION :<br \/><\/strong><\/p>\n<p><em>Un webinaire pour la sant\u00e9 publique au Canada<\/em><br \/>Les situations d&rsquo;urgence peuvent accentuer les in\u00e9galit\u00e9s de sant\u00e9 existantes, d\u2019o\u00f9 l\u2019importance d\u2019int\u00e9grer les consid\u00e9rations li\u00e9es \u00e0 l\u2019\u00e9quit\u00e9 dans la planification de la pr\u00e9paration, des interventions et du r\u00e9tablissement. Ce webinaire, offert par les Centres de collaboration nationale sur les politiques publiques et la sant\u00e9, des d\u00e9terminants de la sant\u00e9 et des maladies infectieuses sera l\u2019occasion de partager des connaissances, des outils, et des histoires visait \u00e0 aider les organisations de sant\u00e9 publique \u00e0 renforcer leur r\u00e9silience et \u00e0 maintenir l\u2019attention port\u00e9e \u00e0 l\u2019\u00e9quit\u00e9 en sant\u00e9 en contexte d\u2019urgence. Ce webinaire s&rsquo;est d\u00e9roul\u00e9 le 19 novembre 2025.<\/p>\n<p><strong>CONF\u00c9RENCI\u00c8RES<\/strong> <strong>:<\/strong><\/p>\n<p>Claire Betker (CCNDS), Margaret Haworth-Brockman (CCNMI), et Val Morrison (CCNPPS) ont pr\u00e9sent\u00e9 leurs r\u00e9cents travaux sur le th\u00e8me de l\u2019\u00e9quit\u00e9 en contexte d\u2019urgence et ont annonc\u00e9 une s\u00e9rie d\u2019ateliers sur ce sujet qui se d\u00e9rouleront en 2025-2026.<\/p>\n<p><strong>CONF\u00c9RENCI\u00c8RES INVIT\u00c9ES :<\/strong><\/p>\n<p>Marisa Creatore, Directrice ex\u00e9cutive, Centre pour la recherche sur la pr\u00e9paration en cas de pand\u00e9mie et d&rsquo;urgence sanitaire, Instituts de recherche en sant\u00e9 du Canada<\/p>\n<p>Sarah Prowse, Gestionnaire principale, Division des enjeux strat\u00e9giques et de la gestion int\u00e9gr\u00e9e, Agence de la sant\u00e9 publique du Canada<\/p>\n<p><strong>OBJECTIFS D&rsquo;APPRENTISSAGE :<\/strong><\/p>\n<p>\u00c0 la fin du webinaire, les participant-e-s \u00e9taient en mesure de :<\/p>\n<ul>\n<li>Reconna\u00eetre comment les urgences peuvent exacerber les in\u00e9galit\u00e9s de sant\u00e9;<\/li>\n<li>Identifier des strat\u00e9gies pratiques pour int\u00e9grer l\u2019\u00e9quit\u00e9 dans la planification et la prise de d\u00e9cision organisationnelles;<\/li>\n<li>D\u00e9couvrir les outils, les ressources, et les occasions de formation pour soutenir une pr\u00e9paration aux situations d&rsquo;urgence ax\u00e9e sur l&rsquo;\u00e9quit\u00e9.<\/li>\n<\/ul>\n<p><strong>PR\u00c9SENTATION PPT<\/p>\n<p><\/strong><a href=\"https:\/\/ccnpps-ncchpp.ca\/docs\/2025-Webinaire-LEquite-en-crise-Sattaquer-aux-questions-equite-en-contexte-urgence.pdf\" target=\"_blank\" rel=\"noopener\">Webinaire \u2013 L\u2019\u00c9quit\u00e9 en contexte de crise : S\u2019attaquer aux questions d\u2019\u00e9quit\u00e9 en contexte d\u2019urgence<\/a><br \/>34 diapositives<\/p>\n<p>[\/et_pb_text][\/et_pb_column][et_pb_column type=\u00a0\u00bb1_4&Prime; _builder_version=\u00a0\u00bb3.25&Prime; custom_padding=\u00a0\u00bb|||\u00a0\u00bb custom_padding__hover=\u00a0\u00bb|||\u00a0\u00bb][et_pb_text _builder_version=\u00a0\u00bb4.9.1&Prime; custom_margin=\u00a0\u00bb||17px|||\u00a0\u00bb]<\/p>\n<p><strong>Enregistrement du webinaire<br \/><\/strong>Le webinaire a \u00e9t\u00e9 offert en anglais mais les sous-titres en fran\u00e7ais sont disponibles dans la vid\u00e9o ci-dessous.<\/p>\n<p>[\/et_pb_text][et_pb_video src=\u00a0\u00bbhttps:\/\/www.youtube.com\/watch?v=joZZczaE0ZY\u00a0\u00bb _builder_version=\u00a0\u00bb4.9.1&Prime; max_width=\u00a0\u00bb100%\u00a0\u00bb custom_margin=\u00a0\u00bb2px||100px||false|false\u00a0\u00bb custom_css_main_element=\u00a0\u00bbfilter: drop-shadow(2px 4px 6px black);||\t\t\t margin-left: 2px;\u00a0\u00bb border_radii=\u00a0\u00bbon|15px|15px|15px|15px\u00a0\u00bb][\/et_pb_video][et_pb_text _builder_version=\u00a0\u00bb4.9.1&Prime; custom_margin=\u00a0\u00bb||17px|||\u00a0\u00bb]<\/p>\n<p><strong>Pr\u00e9sentation PPT<br \/><\/strong>34 diapositives<\/p>\n<p>[\/et_pb_text][et_pb_image src=\u00a0\u00bbhttps:\/\/ccnpps-ncchpp.ca\/wp-content\/uploads\/2025\/11\/2025-Webinaire-LEquite-en-crise-Sattaquer-aux-questions-equite-en-contexte-urgence-scaled.jpg\u00a0\u00bb title_text=\u00a0\u00bb2025-Webinaire-LEquite-en-crise-Sattaquer-aux-questions-equite-en-contexte-urgence\u00a0\u00bb url=\u00a0\u00bbhttps:\/\/ccnpps-ncchpp.ca\/docs\/2025-Webinaire-LEquite-en-crise-Sattaquer-aux-questions-equite-en-contexte-urgence.pdf\u00a0\u00bb url_new_window=\u00a0\u00bbon\u00a0\u00bb _builder_version=\u00a0\u00bb4.9.1&Prime; max_width=\u00a0\u00bb100%\u00a0\u00bb custom_margin=\u00a0\u00bb2px||2px||false|false\u00a0\u00bb custom_padding=\u00a0\u00bb|||0px||\u00a0\u00bb custom_css_main_element=\u00a0\u00bbfilter: drop-shadow(2px 4px 6px black);||\t\t\t margin-left: 2px;\u00a0\u00bb border_radii=\u00a0\u00bbon|12px|12px|12px|12px\u00a0\u00bb border_color_all=\u00a0\u00bb#000000&Prime; src__hover_enabled=\u00a0\u00bboff|desktop\u00a0\u00bb][\/et_pb_image][\/et_pb_column][\/et_pb_row][\/et_pb_section]<\/p>\n","protected":false},"excerpt":{"rendered":"<p>Les situations d&rsquo;urgence peuvent accentuer les in\u00e9galit\u00e9s de sant\u00e9 existantes, d\u2019o\u00f9 l\u2019importance d\u2019int\u00e9grer les consid\u00e9rations li\u00e9es \u00e0 l\u2019\u00e9quit\u00e9 dans la planification de la pr\u00e9paration, des interventions et du r\u00e9tablissement. Ce webinaire fut l\u2019occasion de partager des connaissances, des outils, et des histoires qui peuvent aider les organisations de sant\u00e9 publique \u00e0 renforcer leur r\u00e9silience et \u00e0 maintenir l\u2019attention port\u00e9e \u00e0 l\u2019\u00e9quit\u00e9 en sant\u00e9 en contexte d\u2019urgence.<\/p>\n","protected":false},"author":2,"featured_media":29290,"comment_status":"closed","ping_status":"open","sticky":false,"template":"","format":"standard","meta":{"_et_pb_use_builder":"on","_et_pb_old_content":"","_et_gb_content_width":"","footnotes":""},"categories":[55,87,114,73],"tags":[216,260],"class_list":["post-29266","post","type-post","status-publish","format-standard","has-post-thumbnail","hentry","category-inegalites-de-sante","category-nouvelles","category-presentations-ou-webinaires-inegalites-de-sante","category-webinaires","tag-inegalites","tag-urgences"],"yoast_head":"<!-- This site is optimized with the Yoast SEO Premium plugin v27.1 (Yoast SEO v27.1.1) - https:\/\/yoast.com\/product\/yoast-seo-premium-wordpress\/ -->\n<title>Webinaire \u2013 L\u2019\u00c9quit\u00e9 en contexte de crise : S\u2019attaquer aux questions d\u2019\u00e9quit\u00e9 en contexte d\u2019urgence - Centre de collaboration nationale sur les politiques publiques et la sant\u00e9<\/title>\n<meta name=\"description\" content=\"D\u00e9couvrez des connaissances, des outils, et des histoires qui sauront aider les organisations de sant\u00e9 publique \u00e0 renforcer leur r\u00e9silience et \u00e0 maintenir l\u2019attention port\u00e9e \u00e0 l\u2019\u00e9quit\u00e9 en sant\u00e9 en contexte d\u2019urgence. Joignez-vous \u00e0 nous le 19 novembre 2025!\" \/>\n<meta name=\"robots\" content=\"index, follow, max-snippet:-1, max-image-preview:large, max-video-preview:-1\" \/>\n<link rel=\"canonical\" href=\"https:\/\/ccnpps-ncchpp.ca\/fr\/webinaire-lequite-en-contexte-de-crise-sattaquer-aux-questions-dequite-en-contexte-durgence\/\" \/>\n<meta property=\"og:locale\" content=\"fr_FR\" \/>\n<meta property=\"og:type\" content=\"article\" \/>\n<meta property=\"og:title\" content=\"Webinaire \u2013 L\u2019\u00c9quit\u00e9 en contexte de crise : S\u2019attaquer aux questions d\u2019\u00e9quit\u00e9 en contexte d\u2019urgence\" \/>\n<meta property=\"og:description\" content=\"D\u00e9couvrez des connaissances, des outils, et des histoires qui sauront aider les organisations de sant\u00e9 publique \u00e0 renforcer leur r\u00e9silience et \u00e0 maintenir l\u2019attention port\u00e9e \u00e0 l\u2019\u00e9quit\u00e9 en sant\u00e9 en contexte d\u2019urgence. Joignez-vous \u00e0 nous le 19 novembre 2025!\" \/>\n<meta property=\"og:url\" content=\"https:\/\/ccnpps-ncchpp.ca\/fr\/webinaire-lequite-en-contexte-de-crise-sattaquer-aux-questions-dequite-en-contexte-durgence\/\" \/>\n<meta property=\"og:site_name\" content=\"Centre de collaboration nationale sur les politiques publiques et la sant\u00e9\" \/>\n<meta property=\"article:publisher\" content=\"https:\/\/www.facebook.com\/CCNPPS.NCCHPP\" \/>\n<meta property=\"article:published_time\" content=\"2025-11-19T07:46:26+00:00\" \/>\n<meta property=\"article:modified_time\" content=\"2025-11-28T16:17:18+00:00\" \/>\n<meta property=\"og:image\" content=\"https:\/\/ccnpps-ncchpp.ca\/wp-content\/uploads\/2025\/10\/Vignette-SM-FR.png\" \/>\n\t<meta property=\"og:image:width\" content=\"1200\" \/>\n\t<meta property=\"og:image:height\" content=\"1200\" \/>\n\t<meta property=\"og:image:type\" content=\"image\/png\" \/>\n<meta name=\"author\" content=\"admin\" \/>\n<meta name=\"twitter:card\" content=\"summary_large_image\" \/>\n<meta name=\"twitter:creator\" content=\"@NCCHPP\" \/>\n<meta name=\"twitter:site\" content=\"@NCCHPP\" \/>\n<meta name=\"twitter:label1\" content=\"\u00c9crit par\" \/>\n\t<meta name=\"twitter:data1\" content=\"admin\" \/>\n\t<meta name=\"twitter:label2\" content=\"Dur\u00e9e de lecture estim\u00e9e\" \/>\n\t<meta name=\"twitter:data2\" content=\"2 minutes\" \/>\n<script type=\"application\/ld+json\" class=\"yoast-schema-graph\">{\"@context\":\"https:\/\/schema.org\",\"@graph\":[{\"@type\":\"Article\",\"@id\":\"https:\/\/ccnpps-ncchpp.ca\/fr\/webinaire-lequite-en-contexte-de-crise-sattaquer-aux-questions-dequite-en-contexte-durgence\/#article\",\"isPartOf\":{\"@id\":\"https:\/\/ccnpps-ncchpp.ca\/fr\/webinaire-lequite-en-contexte-de-crise-sattaquer-aux-questions-dequite-en-contexte-durgence\/\"},\"author\":{\"name\":\"admin\",\"@id\":\"https:\/\/ccnpps-ncchpp.ca\/fr\/#\/schema\/person\/a5ced452619e1398edd94ef208f17458\"},\"headline\":\"Webinaire \u2013 L\u2019\u00c9quit\u00e9 en contexte de crise : S\u2019attaquer aux questions d\u2019\u00e9quit\u00e9 en contexte d\u2019urgence\",\"datePublished\":\"2025-11-19T07:46:26+00:00\",\"dateModified\":\"2025-11-28T16:17:18+00:00\",\"mainEntityOfPage\":{\"@id\":\"https:\/\/ccnpps-ncchpp.ca\/fr\/webinaire-lequite-en-contexte-de-crise-sattaquer-aux-questions-dequite-en-contexte-durgence\/\"},\"wordCount\":593,\"publisher\":{\"@id\":\"https:\/\/ccnpps-ncchpp.ca\/fr\/#organization\"},\"image\":{\"@id\":\"https:\/\/ccnpps-ncchpp.ca\/fr\/webinaire-lequite-en-contexte-de-crise-sattaquer-aux-questions-dequite-en-contexte-durgence\/#primaryimage\"},\"thumbnailUrl\":\"https:\/\/ccnpps-ncchpp.ca\/wp-content\/uploads\/2025\/10\/2025-Vignette-Webinar-Equity-FR.png\",\"keywords\":[\"#in\u00e9galit\u00e9s\",\"urgences\"],\"articleSection\":[\"In\u00e9galit\u00e9s de sant\u00e9\",\"Nouvelles\",\"Pr\u00e9sentations ou Webinaires In\u00e9galit\u00e9s de sant\u00e9\",\"Webinaires\"],\"inLanguage\":\"fr-FR\"},{\"@type\":\"WebPage\",\"@id\":\"https:\/\/ccnpps-ncchpp.ca\/fr\/webinaire-lequite-en-contexte-de-crise-sattaquer-aux-questions-dequite-en-contexte-durgence\/\",\"url\":\"https:\/\/ccnpps-ncchpp.ca\/fr\/webinaire-lequite-en-contexte-de-crise-sattaquer-aux-questions-dequite-en-contexte-durgence\/\",\"name\":\"Webinaire \u2013 L\u2019\u00c9quit\u00e9 en contexte de crise : S\u2019attaquer aux questions d\u2019\u00e9quit\u00e9 en contexte d\u2019urgence - Centre de collaboration nationale sur les politiques publiques et la sant\u00e9\",\"isPartOf\":{\"@id\":\"https:\/\/ccnpps-ncchpp.ca\/fr\/#website\"},\"primaryImageOfPage\":{\"@id\":\"https:\/\/ccnpps-ncchpp.ca\/fr\/webinaire-lequite-en-contexte-de-crise-sattaquer-aux-questions-dequite-en-contexte-durgence\/#primaryimage\"},\"image\":{\"@id\":\"https:\/\/ccnpps-ncchpp.ca\/fr\/webinaire-lequite-en-contexte-de-crise-sattaquer-aux-questions-dequite-en-contexte-durgence\/#primaryimage\"},\"thumbnailUrl\":\"https:\/\/ccnpps-ncchpp.ca\/wp-content\/uploads\/2025\/10\/2025-Vignette-Webinar-Equity-FR.png\",\"datePublished\":\"2025-11-19T07:46:26+00:00\",\"dateModified\":\"2025-11-28T16:17:18+00:00\",\"description\":\"D\u00e9couvrez des connaissances, des outils, et des histoires qui sauront aider les organisations de sant\u00e9 publique \u00e0 renforcer leur r\u00e9silience et \u00e0 maintenir l\u2019attention port\u00e9e \u00e0 l\u2019\u00e9quit\u00e9 en sant\u00e9 en contexte d\u2019urgence. Joignez-vous \u00e0 nous le 19 novembre 2025!\",\"breadcrumb\":{\"@id\":\"https:\/\/ccnpps-ncchpp.ca\/fr\/webinaire-lequite-en-contexte-de-crise-sattaquer-aux-questions-dequite-en-contexte-durgence\/#breadcrumb\"},\"inLanguage\":\"fr-FR\",\"potentialAction\":[{\"@type\":\"ReadAction\",\"target\":[\"https:\/\/ccnpps-ncchpp.ca\/fr\/webinaire-lequite-en-contexte-de-crise-sattaquer-aux-questions-dequite-en-contexte-durgence\/\"]}]},{\"@type\":\"ImageObject\",\"inLanguage\":\"fr-FR\",\"@id\":\"https:\/\/ccnpps-ncchpp.ca\/fr\/webinaire-lequite-en-contexte-de-crise-sattaquer-aux-questions-dequite-en-contexte-durgence\/#primaryimage\",\"url\":\"https:\/\/ccnpps-ncchpp.ca\/wp-content\/uploads\/2025\/10\/2025-Vignette-Webinar-Equity-FR.png\",\"contentUrl\":\"https:\/\/ccnpps-ncchpp.ca\/wp-content\/uploads\/2025\/10\/2025-Vignette-Webinar-Equity-FR.png\",\"width\":300,\"height\":400},{\"@type\":\"BreadcrumbList\",\"@id\":\"https:\/\/ccnpps-ncchpp.ca\/fr\/webinaire-lequite-en-contexte-de-crise-sattaquer-aux-questions-dequite-en-contexte-durgence\/#breadcrumb\",\"itemListElement\":[{\"@type\":\"ListItem\",\"position\":1,\"name\":\"Accueil\",\"item\":\"https:\/\/ccnpps-ncchpp.ca\/fr\/\"},{\"@type\":\"ListItem\",\"position\":2,\"name\":\"Webinaire \u2013 L\u2019\u00c9quit\u00e9 en contexte de crise : S\u2019attaquer aux questions d\u2019\u00e9quit\u00e9 en contexte d\u2019urgence\"}]},{\"@type\":\"WebSite\",\"@id\":\"https:\/\/ccnpps-ncchpp.ca\/fr\/#website\",\"url\":\"https:\/\/ccnpps-ncchpp.ca\/fr\/\",\"name\":\"Centre de collaboration nationale sur les politiques publiques et la sant\u00e9\",\"description\":\"\",\"publisher\":{\"@id\":\"https:\/\/ccnpps-ncchpp.ca\/fr\/#organization\"},\"potentialAction\":[{\"@type\":\"SearchAction\",\"target\":{\"@type\":\"EntryPoint\",\"urlTemplate\":\"https:\/\/ccnpps-ncchpp.ca\/fr\/?s={search_term_string}\"},\"query-input\":{\"@type\":\"PropertyValueSpecification\",\"valueRequired\":true,\"valueName\":\"search_term_string\"}}],\"inLanguage\":\"fr-FR\"},{\"@type\":\"Organization\",\"@id\":\"https:\/\/ccnpps-ncchpp.ca\/fr\/#organization\",\"name\":\"National Collaborating Centre for Healthy Public Policy\",\"alternateName\":\"CCNPPS\",\"url\":\"https:\/\/ccnpps-ncchpp.ca\/fr\/\",\"logo\":{\"@type\":\"ImageObject\",\"inLanguage\":\"fr-FR\",\"@id\":\"https:\/\/ccnpps-ncchpp.ca\/fr\/#\/schema\/logo\/image\/\",\"url\":\"https:\/\/ccnpps-ncchpp.ca\/wp-content\/uploads\/2021\/05\/Logorond250px.jpg\",\"contentUrl\":\"https:\/\/ccnpps-ncchpp.ca\/wp-content\/uploads\/2021\/05\/Logorond250px.jpg\",\"width\":250,\"height\":250,\"caption\":\"National Collaborating Centre for Healthy Public Policy\"},\"image\":{\"@id\":\"https:\/\/ccnpps-ncchpp.ca\/fr\/#\/schema\/logo\/image\/\"},\"sameAs\":[\"https:\/\/www.facebook.com\/CCNPPS.NCCHPP\",\"https:\/\/x.com\/NCCHPP\",\"https:\/\/twitter.com\/CCNPPS\"]},{\"@type\":\"Person\",\"@id\":\"https:\/\/ccnpps-ncchpp.ca\/fr\/#\/schema\/person\/a5ced452619e1398edd94ef208f17458\",\"name\":\"admin\",\"url\":\"https:\/\/ccnpps-ncchpp.ca\/fr\/author\/mylene\/\"}]}<\/script>\n<!-- \/ Yoast SEO Premium plugin. -->","yoast_head_json":{"title":"Webinaire \u2013 L\u2019\u00c9quit\u00e9 en contexte de crise : S\u2019attaquer aux questions d\u2019\u00e9quit\u00e9 en contexte d\u2019urgence - Centre de collaboration nationale sur les politiques publiques et la sant\u00e9","description":"D\u00e9couvrez des connaissances, des outils, et des histoires qui sauront aider les organisations de sant\u00e9 publique \u00e0 renforcer leur r\u00e9silience et \u00e0 maintenir l\u2019attention port\u00e9e \u00e0 l\u2019\u00e9quit\u00e9 en sant\u00e9 en contexte d\u2019urgence. Joignez-vous \u00e0 nous le 19 novembre 2025!","robots":{"index":"index","follow":"follow","max-snippet":"max-snippet:-1","max-image-preview":"max-image-preview:large","max-video-preview":"max-video-preview:-1"},"canonical":"https:\/\/ccnpps-ncchpp.ca\/fr\/webinaire-lequite-en-contexte-de-crise-sattaquer-aux-questions-dequite-en-contexte-durgence\/","og_locale":"fr_FR","og_type":"article","og_title":"Webinaire \u2013 L\u2019\u00c9quit\u00e9 en contexte de crise : S\u2019attaquer aux questions d\u2019\u00e9quit\u00e9 en contexte d\u2019urgence","og_description":"D\u00e9couvrez des connaissances, des outils, et des histoires qui sauront aider les organisations de sant\u00e9 publique \u00e0 renforcer leur r\u00e9silience et \u00e0 maintenir l\u2019attention port\u00e9e \u00e0 l\u2019\u00e9quit\u00e9 en sant\u00e9 en contexte d\u2019urgence. Joignez-vous \u00e0 nous le 19 novembre 2025!","og_url":"https:\/\/ccnpps-ncchpp.ca\/fr\/webinaire-lequite-en-contexte-de-crise-sattaquer-aux-questions-dequite-en-contexte-durgence\/","og_site_name":"Centre de collaboration nationale sur les politiques publiques et la sant\u00e9","article_publisher":"https:\/\/www.facebook.com\/CCNPPS.NCCHPP","article_published_time":"2025-11-19T07:46:26+00:00","article_modified_time":"2025-11-28T16:17:18+00:00","og_image":[{"width":1200,"height":1200,"url":"https:\/\/ccnpps-ncchpp.ca\/wp-content\/uploads\/2025\/10\/Vignette-SM-FR.png","type":"image\/png"}],"author":"admin","twitter_card":"summary_large_image","twitter_creator":"@NCCHPP","twitter_site":"@NCCHPP","twitter_misc":{"\u00c9crit par":"admin","Dur\u00e9e de lecture estim\u00e9e":"2 minutes"},"schema":{"@context":"https:\/\/schema.org","@graph":[{"@type":"Article","@id":"https:\/\/ccnpps-ncchpp.ca\/fr\/webinaire-lequite-en-contexte-de-crise-sattaquer-aux-questions-dequite-en-contexte-durgence\/#article","isPartOf":{"@id":"https:\/\/ccnpps-ncchpp.ca\/fr\/webinaire-lequite-en-contexte-de-crise-sattaquer-aux-questions-dequite-en-contexte-durgence\/"},"author":{"name":"admin","@id":"https:\/\/ccnpps-ncchpp.ca\/fr\/#\/schema\/person\/a5ced452619e1398edd94ef208f17458"},"headline":"Webinaire \u2013 L\u2019\u00c9quit\u00e9 en contexte de crise : S\u2019attaquer aux questions d\u2019\u00e9quit\u00e9 en contexte d\u2019urgence","datePublished":"2025-11-19T07:46:26+00:00","dateModified":"2025-11-28T16:17:18+00:00","mainEntityOfPage":{"@id":"https:\/\/ccnpps-ncchpp.ca\/fr\/webinaire-lequite-en-contexte-de-crise-sattaquer-aux-questions-dequite-en-contexte-durgence\/"},"wordCount":593,"publisher":{"@id":"https:\/\/ccnpps-ncchpp.ca\/fr\/#organization"},"image":{"@id":"https:\/\/ccnpps-ncchpp.ca\/fr\/webinaire-lequite-en-contexte-de-crise-sattaquer-aux-questions-dequite-en-contexte-durgence\/#primaryimage"},"thumbnailUrl":"https:\/\/ccnpps-ncchpp.ca\/wp-content\/uploads\/2025\/10\/2025-Vignette-Webinar-Equity-FR.png","keywords":["#in\u00e9galit\u00e9s","urgences"],"articleSection":["In\u00e9galit\u00e9s de sant\u00e9","Nouvelles","Pr\u00e9sentations ou Webinaires In\u00e9galit\u00e9s de sant\u00e9","Webinaires"],"inLanguage":"fr-FR"},{"@type":"WebPage","@id":"https:\/\/ccnpps-ncchpp.ca\/fr\/webinaire-lequite-en-contexte-de-crise-sattaquer-aux-questions-dequite-en-contexte-durgence\/","url":"https:\/\/ccnpps-ncchpp.ca\/fr\/webinaire-lequite-en-contexte-de-crise-sattaquer-aux-questions-dequite-en-contexte-durgence\/","name":"Webinaire \u2013 L\u2019\u00c9quit\u00e9 en contexte de crise : S\u2019attaquer aux questions d\u2019\u00e9quit\u00e9 en contexte d\u2019urgence - Centre de collaboration nationale sur les politiques publiques et la sant\u00e9","isPartOf":{"@id":"https:\/\/ccnpps-ncchpp.ca\/fr\/#website"},"primaryImageOfPage":{"@id":"https:\/\/ccnpps-ncchpp.ca\/fr\/webinaire-lequite-en-contexte-de-crise-sattaquer-aux-questions-dequite-en-contexte-durgence\/#primaryimage"},"image":{"@id":"https:\/\/ccnpps-ncchpp.ca\/fr\/webinaire-lequite-en-contexte-de-crise-sattaquer-aux-questions-dequite-en-contexte-durgence\/#primaryimage"},"thumbnailUrl":"https:\/\/ccnpps-ncchpp.ca\/wp-content\/uploads\/2025\/10\/2025-Vignette-Webinar-Equity-FR.png","datePublished":"2025-11-19T07:46:26+00:00","dateModified":"2025-11-28T16:17:18+00:00","description":"D\u00e9couvrez des connaissances, des outils, et des histoires qui sauront aider les organisations de sant\u00e9 publique \u00e0 renforcer leur r\u00e9silience et \u00e0 maintenir l\u2019attention port\u00e9e \u00e0 l\u2019\u00e9quit\u00e9 en sant\u00e9 en contexte d\u2019urgence. Joignez-vous \u00e0 nous le 19 novembre 2025!","breadcrumb":{"@id":"https:\/\/ccnpps-ncchpp.ca\/fr\/webinaire-lequite-en-contexte-de-crise-sattaquer-aux-questions-dequite-en-contexte-durgence\/#breadcrumb"},"inLanguage":"fr-FR","potentialAction":[{"@type":"ReadAction","target":["https:\/\/ccnpps-ncchpp.ca\/fr\/webinaire-lequite-en-contexte-de-crise-sattaquer-aux-questions-dequite-en-contexte-durgence\/"]}]},{"@type":"ImageObject","inLanguage":"fr-FR","@id":"https:\/\/ccnpps-ncchpp.ca\/fr\/webinaire-lequite-en-contexte-de-crise-sattaquer-aux-questions-dequite-en-contexte-durgence\/#primaryimage","url":"https:\/\/ccnpps-ncchpp.ca\/wp-content\/uploads\/2025\/10\/2025-Vignette-Webinar-Equity-FR.png","contentUrl":"https:\/\/ccnpps-ncchpp.ca\/wp-content\/uploads\/2025\/10\/2025-Vignette-Webinar-Equity-FR.png","width":300,"height":400},{"@type":"BreadcrumbList","@id":"https:\/\/ccnpps-ncchpp.ca\/fr\/webinaire-lequite-en-contexte-de-crise-sattaquer-aux-questions-dequite-en-contexte-durgence\/#breadcrumb","itemListElement":[{"@type":"ListItem","position":1,"name":"Accueil","item":"https:\/\/ccnpps-ncchpp.ca\/fr\/"},{"@type":"ListItem","position":2,"name":"Webinaire \u2013 L\u2019\u00c9quit\u00e9 en contexte de crise : S\u2019attaquer aux questions d\u2019\u00e9quit\u00e9 en contexte d\u2019urgence"}]},{"@type":"WebSite","@id":"https:\/\/ccnpps-ncchpp.ca\/fr\/#website","url":"https:\/\/ccnpps-ncchpp.ca\/fr\/","name":"Centre de collaboration nationale sur les politiques publiques et la sant\u00e9","description":"","publisher":{"@id":"https:\/\/ccnpps-ncchpp.ca\/fr\/#organization"},"potentialAction":[{"@type":"SearchAction","target":{"@type":"EntryPoint","urlTemplate":"https:\/\/ccnpps-ncchpp.ca\/fr\/?s={search_term_string}"},"query-input":{"@type":"PropertyValueSpecification","valueRequired":true,"valueName":"search_term_string"}}],"inLanguage":"fr-FR"},{"@type":"Organization","@id":"https:\/\/ccnpps-ncchpp.ca\/fr\/#organization","name":"National Collaborating Centre for Healthy Public Policy","alternateName":"CCNPPS","url":"https:\/\/ccnpps-ncchpp.ca\/fr\/","logo":{"@type":"ImageObject","inLanguage":"fr-FR","@id":"https:\/\/ccnpps-ncchpp.ca\/fr\/#\/schema\/logo\/image\/","url":"https:\/\/ccnpps-ncchpp.ca\/wp-content\/uploads\/2021\/05\/Logorond250px.jpg","contentUrl":"https:\/\/ccnpps-ncchpp.ca\/wp-content\/uploads\/2021\/05\/Logorond250px.jpg","width":250,"height":250,"caption":"National Collaborating Centre for Healthy Public Policy"},"image":{"@id":"https:\/\/ccnpps-ncchpp.ca\/fr\/#\/schema\/logo\/image\/"},"sameAs":["https:\/\/www.facebook.com\/CCNPPS.NCCHPP","https:\/\/x.com\/NCCHPP","https:\/\/twitter.com\/CCNPPS"]},{"@type":"Person","@id":"https:\/\/ccnpps-ncchpp.ca\/fr\/#\/schema\/person\/a5ced452619e1398edd94ef208f17458","name":"admin","url":"https:\/\/ccnpps-ncchpp.ca\/fr\/author\/mylene\/"}]}},"_links":{"self":[{"href":"https:\/\/ccnpps-ncchpp.ca\/fr\/wp-json\/wp\/v2\/posts\/29266","targetHints":{"allow":["GET"]}}],"collection":[{"href":"https:\/\/ccnpps-ncchpp.ca\/fr\/wp-json\/wp\/v2\/posts"}],"about":[{"href":"https:\/\/ccnpps-ncchpp.ca\/fr\/wp-json\/wp\/v2\/types\/post"}],"author":[{"embeddable":true,"href":"https:\/\/ccnpps-ncchpp.ca\/fr\/wp-json\/wp\/v2\/users\/2"}],"replies":[{"embeddable":true,"href":"https:\/\/ccnpps-ncchpp.ca\/fr\/wp-json\/wp\/v2\/comments?post=29266"}],"version-history":[{"count":0,"href":"https:\/\/ccnpps-ncchpp.ca\/fr\/wp-json\/wp\/v2\/posts\/29266\/revisions"}],"wp:featuredmedia":[{"embeddable":true,"href":"https:\/\/ccnpps-ncchpp.ca\/fr\/wp-json\/wp\/v2\/media\/29290"}],"wp:attachment":[{"href":"https:\/\/ccnpps-ncchpp.ca\/fr\/wp-json\/wp\/v2\/media?parent=29266"}],"wp:term":[{"taxonomy":"category","embeddable":true,"href":"https:\/\/ccnpps-ncchpp.ca\/fr\/wp-json\/wp\/v2\/categories?post=29266"},{"taxonomy":"post_tag","embeddable":true,"href":"https:\/\/ccnpps-ncchpp.ca\/fr\/wp-json\/wp\/v2\/tags?post=29266"}],"curies":[{"name":"wp","href":"https:\/\/api.w.org\/{rel}","templated":true}]}}