{"id":31222,"date":"2026-08-28T11:00:41","date_gmt":"2026-08-28T11:00:41","guid":{"rendered":"https:\/\/ccnpps-ncchpp.ca\/?p=31222"},"modified":"2026-09-01T14:15:09","modified_gmt":"2026-09-01T14:15:09","slug":"webinaire-communiquer-entre-les-secteurs-sur-les-determinants-sociaux-de-la-sante-les-piliers-de-la-sante","status":"publish","type":"post","link":"https:\/\/ccnpps-ncchpp.ca\/fr\/webinaire-communiquer-entre-les-secteurs-sur-les-determinants-sociaux-de-la-sante-les-piliers-de-la-sante\/","title":{"rendered":"Webinaire \u2013 Communiquer entre les secteurs sur les d\u00e9terminants sociaux de la sant\u00e9 : les piliers de la sant\u00e9"},"content":{"rendered":"<p>[et_pb_section fb_built=\u00a0\u00bb1&Prime; _builder_version=\u00a0\u00bb4.9.1&Prime; _module_preset=\u00a0\u00bbdefault\u00a0\u00bb][et_pb_row column_structure=\u00a0\u00bb3_4,1_4&Prime; _builder_version=\u00a0\u00bb3.27.4&Prime; background_size=\u00a0\u00bbinitial\u00a0\u00bb background_position=\u00a0\u00bbtop_left\u00a0\u00bb background_repeat=\u00a0\u00bbrepeat\u00a0\u00bb custom_margin=\u00a0\u00bb-61px|auto||auto||\u00a0\u00bb custom_padding=\u00a0\u00bb||0px|||\u00a0\u00bb][et_pb_column type=\u00a0\u00bb3_4&Prime; _builder_version=\u00a0\u00bb3.25&Prime; custom_padding=\u00a0\u00bb|||\u00a0\u00bb custom_padding__hover=\u00a0\u00bb|||\u00a0\u00bb][et_pb_text _builder_version=\u00a0\u00bb4.9.1&Prime; background_size=\u00a0\u00bbinitial\u00a0\u00bb background_position=\u00a0\u00bbtop_left\u00a0\u00bb background_repeat=\u00a0\u00bbrepeat\u00a0\u00bb hover_enabled=\u00a0\u00bb0&Prime; sticky_enabled=\u00a0\u00bb0&Prime;]<\/p>\n<p><strong>*Notez que ce webinaire sera offert en anglais avec une traduction simultan\u00e9e en fran\u00e7ais disponible via Wordly.<\/strong><\/p>\n<p><strong>DATE : Jeudi 17 septembre, 2026, de 11 h \u00e0 12 h 30 HAE<br \/><\/strong>Veuillez noter que le webinaire aura lieu \u00e0 11 h (heure avanc\u00e9e de l&rsquo;Est), afin de tenir compte du d\u00e9calage horaire avec le Royaume-Uni, o\u00f9 se trouve notre pr\u00e9sentatrice.<strong><br \/><\/strong><\/p>\n<p><strong>INSCRIPTION :<\/strong><\/p>\n<p><strong><a href='https:\/\/us02web.zoom.us\/webinar\/register\/9517879253960\/WN_-aEzCyMDSfKN-VDAhHaI0A' class='small-button smallred' target=\"_blank\">Je veux m&rsquo;inscrire<\/a> <\/strong><\/p>\n<p><strong>DESCRIPTION :<\/strong><\/p>\n<p>La promotion et la mise en \u0153uvre de politiques publiques favorables \u00e0 la sant\u00e9 (PPFS) constituent une strat\u00e9gie cl\u00e9 de promotion de la sant\u00e9 visant \u00e0 am\u00e9liorer la sant\u00e9 de la population et l\u2019\u00e9quit\u00e9 en sant\u00e9 en agissant sur les d\u00e9terminants sociaux de la sant\u00e9 (DSS). Comme ces d\u00e9terminants sont fa\u00e7onn\u00e9s par des d\u00e9cisions prises dans de nombreux secteurs, la promotion de politiques publiques favorables \u00e0 la sant\u00e9 n\u00e9cessite une collaboration qui va bien au-del\u00e0 du syst\u00e8me de sant\u00e9. Des approches d\u2019action intersectorielle, telles que la Sant\u00e9 dans toutes les politiques (SdTP), favorisent cette collaboration en int\u00e9grant les consid\u00e9rations li\u00e9es \u00e0 la sant\u00e9 et \u00e0 l\u2019\u00e9quit\u00e9 dans la prise de d\u00e9cision \u00e0 travers les diff\u00e9rents secteurs.<\/p>\n<p>Dans ce contexte, faire progresser l\u2019action collective sur les DSS n\u00e9cessite de mobiliser des partenaires qui ne partagent pas n\u00e9cessairement les m\u00eames perspectives, le m\u00eame langage, les m\u00eames priorit\u00e9s ou les m\u00eames mandats. Il est donc important d\u2019am\u00e9liorer la fa\u00e7on dont nous communiquons sur les DSS afin de favoriser une meilleure compr\u00e9hension de leur importance et de susciter un soutien en faveur des changements de politiques publiques. Pour contribuer \u00e0 relever ce d\u00e9fi, le CCNPPS s\u2019est associ\u00e9 \u00e0 FrameWorks UK afin d\u2019explorer comment le cadrage peut renforcer les communications en sant\u00e9 publique et favoriser une mobilisation intersectorielle plus efficace.<\/p>\n<p>Ce webinaire pr\u00e9sentera le concept de cadrage, expliquera pourquoi il est important et explorera la mani\u00e8re dont les gens per\u00e7oivent la sant\u00e9 et les d\u00e9terminants sociaux de la sant\u00e9. Les participants d\u00e9couvriront ensuite la m\u00e9taphore des \u00ab piliers de la sant\u00e9 \u00bb (<em>Building Blocks of Health<\/em>), \u00e9labor\u00e9e par <a href=\"https:\/\/frameworksuk.org\" target=\"_blank\" rel=\"noopener\"><strong>FrameWorks UK<\/strong><\/a> et <strong><a href=\"https:\/\/www.health.org.uk\/\" target=\"_blank\" rel=\"noopener\">The Health Foundation au Royaume-Uni<\/a><\/strong>, comme strat\u00e9gie pratique de cadrage visant \u00e0 communiquer plus efficacement et \u00e0 favoriser une meilleure compr\u00e9hension de la mani\u00e8re dont les d\u00e9terminants de la sant\u00e9 au sens large contribuent \u00e0 fa\u00e7onner une soci\u00e9t\u00e9 en sant\u00e9. Le webinaire se terminera par des recommandations pour raconter votre histoire ainsi que par des exemples pratiques illustrant comment ces approches peuvent \u00eatre appliqu\u00e9es dans la pratique de la sant\u00e9 publique.<\/p>\n<p><strong>PUBLIC CIBLE :<br \/><\/strong><br \/>Ce webinaire s\u2019adresse aux professionnelles et professionnels en sant\u00e9 publique, gestionnaires, d\u00e9cideuses et d\u00e9cideurs, chercheures et chercheurs ainsi qu\u2019\u00e0 leurs partenaires \u0153uvrant dans d\u2019autres secteurs influen\u00e7ant les d\u00e9terminants de la sant\u00e9.<\/p>\n<p><strong>OBJECTIFS D\u2019APPRENTISSAGE :<br \/><\/strong><br \/>\u00c0 la fin du webinaire, les participants seront en mesure de :<\/p>\n<ul>\n<li>Expliquer pourquoi le cadrage est important pour communiquer sur les d\u00e9terminants sociaux de la sant\u00e9 (DSS) et mobiliser des partenaires de diff\u00e9rents secteurs.<\/li>\n<li>D\u00e9crire comment les fa\u00e7ons courantes de concevoir la sant\u00e9 peuvent influencer la compr\u00e9hension des DSS et le soutien aux changements de politiques publiques.<\/li>\n<li>D\u00e9crire comment la m\u00e9taphore des \u00ab piliers de la sant\u00e9 \u00bb) et d\u2019autres recommandations en mati\u00e8re de cadrage peuvent renforcer la communication sur les DSS dans le contexte de la sant\u00e9 publique au Canada.<\/li>\n<\/ul>\n<p><strong>INFORMATIONS TECHNIQUES :<\/strong><\/p>\n<p>Le webinaire sera offert avec traduction simultan\u00e9e en anglais et en fran\u00e7ais par l\u2019interm\u00e9diaire de Wordly. Il sera enregistr\u00e9 et rendu disponible en ligne.<\/p>\n<p><strong>PR\u00c9SENTATRICE :<\/strong><\/p>\n<p>[\/et_pb_text][\/et_pb_column][et_pb_column type=\u00a0\u00bb1_4&Prime; _builder_version=\u00a0\u00bb3.25&Prime; custom_padding=\u00a0\u00bb|||\u00a0\u00bb custom_padding__hover=\u00a0\u00bb|||\u00a0\u00bb][et_pb_image src=\u00a0\u00bbhttps:\/\/ccnpps-ncchpp.ca\/wp-content\/uploads\/2026\/08\/VIGNETTE-FR-300X400.png\u00a0\u00bb title_text=\u00a0\u00bbVIGNETTE-FR-300X400&Prime; url=\u00a0\u00bbhttps:\/\/us02web.zoom.us\/webinar\/register\/9517879253960\/WN_-aEzCyMDSfKN-VDAhHaI0A\u00a0\u00bb url_new_window=\u00a0\u00bbon\u00a0\u00bb _builder_version=\u00a0\u00bb4.9.1&Prime; max_width=\u00a0\u00bb100%\u00a0\u00bb custom_margin=\u00a0\u00bb2px||2px||false|false\u00a0\u00bb custom_padding=\u00a0\u00bb|||0px||\u00a0\u00bb custom_css_main_element=\u00a0\u00bbfilter: drop-shadow(2px 4px 6px black);||\t\t\t margin-left: 2px;\u00a0\u00bb border_radii=\u00a0\u00bbon|12px|12px|12px|12px\u00a0\u00bb border_color_all=\u00a0\u00bb#000000&Prime; src__hover_enabled=\u00a0\u00bboff|desktop\u00a0\u00bb][\/et_pb_image][\/et_pb_column][\/et_pb_row][et_pb_row _builder_version=\u00a0\u00bb4.9.1&Prime; _module_preset=\u00a0\u00bbdefault\u00a0\u00bb][et_pb_column type=\u00a0\u00bb4_4&Prime; _builder_version=\u00a0\u00bb4.9.1&Prime; _module_preset=\u00a0\u00bbdefault\u00a0\u00bb][et_pb_text _builder_version=\u00a0\u00bb4.9.1&Prime; _module_preset=\u00a0\u00bbdefault\u00a0\u00bb]<\/p>\n<p class=\"ai-optimize-20\" style=\"text-align: left;\"><img decoding=\"async\" class=\"wp-image-22148 et_pb_image_1 et_pb_image_wrap\" style=\"margin: 0 10px 10px 0; border-radius: 15px;\" title=\"Maria Castellina\" src=\"https:\/\/ccnpps-ncchpp.ca\/wp-content\/uploads\/2026\/08\/Maria-Castellina.png\" alt=\"\" width=\"auto\" height=\"auto\" align=\"left\" \/><strong>Maria Castellina<\/strong><br \/><strong>Directrice de l\u2019impact<\/strong><br \/><strong>FrameWorks\u00a0UK<br \/><\/strong>Maria Castellina est directrice de l\u2019impact chez FrameWorks UK, o\u00f9 elle accompagne les partenaires dans l\u2019utilisation des recherches novatrices de FrameWorks sur le cadrage afin de faire \u00e9voluer les perceptions et les attitudes et de contribuer \u00e0 b\u00e2tir un monde meilleur. Elle est l\u2019auteure des travaux de recherche et des ressources sur les \u00ab piliers de la sant\u00e9 \u00bb (<em>Building Blocks of Health<\/em>) et dirige les travaux de FrameWorks sur la communication en mati\u00e8re de sant\u00e9. Maria a consacr\u00e9 sa carri\u00e8re \u00e0 trouver les mots justes pour persuader, influencer et inspirer des changements sociaux et politiques. Forte de plus de quinze ans d\u2019exp\u00e9rience dans la direction de campagnes de communication au sein du secteur sans but lucratif au Royaume-Uni, elle a travaill\u00e9 sur un large \u00e9ventail d\u2019enjeux, notamment la violence familiale, les changements climatiques, la sant\u00e9 et l\u2019acc\u00e8s \u00e0 la nature.<\/p>\n<p>[\/et_pb_text][et_pb_text _builder_version=\u00a0\u00bb4.9.1&Prime; _module_preset=\u00a0\u00bbdefault\u00a0\u00bb]<\/p>\n<p><strong>ANIMATRICE :<\/strong><\/p>\n<p>[\/et_pb_text][et_pb_text _builder_version=\u00a0\u00bb4.9.1&Prime; _module_preset=\u00a0\u00bbdefault\u00a0\u00bb]<\/p>\n<p class=\"ai-optimize-20\" style=\"text-align: left;\"><img decoding=\"async\" class=\"wp-image-22148 et_pb_image_1 et_pb_image_wrap\" style=\"margin: 0 10px 10px 0; border-radius: 15px;\" title=\"Natalia C. Botero\" src=\"https:\/\/ccnpps-ncchpp.ca\/wp-content\/uploads\/2025\/08\/Natalia-Carrillo-Botero-160x160-1.jpg\" alt=\"\" width=\"auto\" height=\"auto\" align=\"left\" \/><strong>Natalia Carrillo Botero<\/strong><br \/><strong>Conseill\u00e8re scientifique<\/strong><br \/><strong>Centre de collaboration nationale sur les politiques publiques et la sant\u00e9<\/strong><br \/>Natalia d\u00e9tient un dipl\u00f4me de premier cycle en anthropologie de l\u2019Universit\u00e9 des Andes (Colombie) et une ma\u00eetrise en sociologie de l\u2019Universit\u00e9 Sorbonne Nouvelle \u2013 Paris 3. Elle a rejoint le CCNPPS en 2022 apr\u00e8s avoir travaill\u00e9 dans diff\u00e9rentes organisations, notamment en sant\u00e9 mondiale et promotion de la sant\u00e9. Au CCNPPS, elle travaille sur le projet Sant\u00e9 dans toutes les politiques et coordonne le secr\u00e9tariat du R\u00e9seau canadien sur la Sant\u00e9 dans toutes les politiques.<\/p>\n<p>[\/et_pb_text][\/et_pb_column][\/et_pb_row][\/et_pb_section]<\/p>\n","protected":false},"excerpt":{"rendered":"<p>Ce webinaire explorera comment des strat\u00e9gies de communication efficaces peuvent soutenir la mobilisation de diff\u00e9rents secteurs en influen\u00e7ant la mani\u00e8re dont les gens comprennent les d\u00e9terminants sociaux de la sant\u00e9. Joignez-vous \u00e0 nous le 17 septembre prochain!<\/p>\n","protected":false},"author":2,"featured_media":31261,"comment_status":"closed","ping_status":"open","sticky":false,"template":"","format":"standard","meta":{"_et_pb_use_builder":"on","_et_pb_old_content":"","_et_gb_content_width":"","footnotes":""},"categories":[226,87,115,61,73],"tags":[272,273],"class_list":["post-31222","post","type-post","status-publish","format-standard","has-post-thumbnail","hentry","category-activites-du-rcsdtp","category-nouvelles","category-presentations-ou-webinaires-sdtp","category-sante-dans-toutes-les-politiques","category-webinaires","tag-determinants-sociaux-de-la-sante","tag-rcsdtp"],"yoast_head":"<!-- This site is optimized with the Yoast SEO Premium plugin v28.3 (Yoast SEO v28.3) - https:\/\/yoast.com\/product\/yoast-seo-premium-wordpress\/ -->\n<title>Webinaire \u2013 Communiquer entre les secteurs sur les d\u00e9terminants sociaux de la sant\u00e9 : les piliers de la sant\u00e9 - Centre de collaboration nationale sur les politiques publiques et la sant\u00e9<\/title>\n<meta name=\"description\" content=\"D\u00e9couvrez comment des strat\u00e9gies de communication efficaces peuvent soutenir la mobilisation de diff\u00e9rents secteurs en influen\u00e7ant la mani\u00e8re dont les gens comprennent les d\u00e9terminants sociaux de la sant\u00e9. Joignez-vous \u00e0 nous le 17 septembre prochain!\" \/>\n<meta name=\"robots\" content=\"index, follow, max-snippet:-1, max-image-preview:large, max-video-preview:-1\" \/>\n<link rel=\"canonical\" href=\"https:\/\/ccnpps-ncchpp.ca\/fr\/webinaire-communiquer-entre-les-secteurs-sur-les-determinants-sociaux-de-la-sante-les-piliers-de-la-sante\/\" \/>\n<meta property=\"og:locale\" content=\"fr_FR\" \/>\n<meta property=\"og:type\" content=\"article\" \/>\n<meta property=\"og:title\" content=\"Webinaire \u2013 Communiquer entre les secteurs sur les d\u00e9terminants sociaux de la sant\u00e9 : les piliers de la sant\u00e9\" \/>\n<meta property=\"og:description\" content=\"D\u00e9couvrez comment des strat\u00e9gies de communication efficaces peuvent soutenir la mobilisation de diff\u00e9rents secteurs en influen\u00e7ant la mani\u00e8re dont les gens comprennent les d\u00e9terminants sociaux de la sant\u00e9. Joignez-vous \u00e0 nous le 17 septembre prochain!\" \/>\n<meta property=\"og:url\" content=\"https:\/\/ccnpps-ncchpp.ca\/fr\/webinaire-communiquer-entre-les-secteurs-sur-les-determinants-sociaux-de-la-sante-les-piliers-de-la-sante\/\" \/>\n<meta property=\"og:site_name\" content=\"Centre de collaboration nationale sur les politiques publiques et la sant\u00e9\" \/>\n<meta property=\"article:publisher\" content=\"https:\/\/www.facebook.com\/CCNPPS.NCCHPP\" \/>\n<meta property=\"article:published_time\" content=\"2026-08-28T11:00:41+00:00\" \/>\n<meta property=\"article:modified_time\" content=\"2026-09-01T14:15:09+00:00\" \/>\n<meta property=\"og:image\" content=\"https:\/\/ccnpps-ncchpp.ca\/wp-content\/uploads\/2026\/08\/VIGNETTE-FR-300X400.png\" \/>\n\t<meta property=\"og:image:width\" content=\"300\" \/>\n\t<meta property=\"og:image:height\" content=\"400\" \/>\n\t<meta property=\"og:image:type\" content=\"image\/png\" \/>\n<meta name=\"author\" content=\"admin\" \/>\n<meta name=\"twitter:card\" content=\"summary_large_image\" \/>\n<meta name=\"twitter:creator\" content=\"@NCCHPP\" \/>\n<meta name=\"twitter:site\" content=\"@NCCHPP\" \/>\n<meta name=\"twitter:label1\" content=\"\u00c9crit par\" \/>\n\t<meta name=\"twitter:data1\" content=\"admin\" \/>\n\t<meta name=\"twitter:label2\" content=\"Dur\u00e9e de lecture estim\u00e9e\" \/>\n\t<meta name=\"twitter:data2\" content=\"5 minutes\" \/>\n<script type=\"application\/ld+json\" class=\"yoast-schema-graph\">{\"@context\":\"https:\\\/\\\/schema.org\",\"@graph\":[{\"@type\":\"Article\",\"@id\":\"https:\\\/\\\/ccnpps-ncchpp.ca\\\/fr\\\/webinaire-communiquer-entre-les-secteurs-sur-les-determinants-sociaux-de-la-sante-les-piliers-de-la-sante\\\/#article\",\"isPartOf\":{\"@id\":\"https:\\\/\\\/ccnpps-ncchpp.ca\\\/fr\\\/webinaire-communiquer-entre-les-secteurs-sur-les-determinants-sociaux-de-la-sante-les-piliers-de-la-sante\\\/\"},\"author\":{\"name\":\"admin\",\"@id\":\"https:\\\/\\\/ccnpps-ncchpp.ca\\\/fr\\\/#\\\/schema\\\/person\\\/a5ced452619e1398edd94ef208f17458\"},\"headline\":\"Webinaire \u2013 Communiquer entre les secteurs sur les d\u00e9terminants sociaux de la sant\u00e9 : les piliers de la sant\u00e9\",\"datePublished\":\"2026-08-28T11:00:41+00:00\",\"dateModified\":\"2026-09-01T14:15:09+00:00\",\"mainEntityOfPage\":{\"@id\":\"https:\\\/\\\/ccnpps-ncchpp.ca\\\/fr\\\/webinaire-communiquer-entre-les-secteurs-sur-les-determinants-sociaux-de-la-sante-les-piliers-de-la-sante\\\/\"},\"wordCount\":1112,\"publisher\":{\"@id\":\"https:\\\/\\\/ccnpps-ncchpp.ca\\\/fr\\\/#organization\"},\"image\":{\"@id\":\"https:\\\/\\\/ccnpps-ncchpp.ca\\\/fr\\\/webinaire-communiquer-entre-les-secteurs-sur-les-determinants-sociaux-de-la-sante-les-piliers-de-la-sante\\\/#primaryimage\"},\"thumbnailUrl\":\"https:\\\/\\\/ccnpps-ncchpp.ca\\\/wp-content\\\/uploads\\\/2026\\\/08\\\/VIGNETTE-FR-300X400.png\",\"keywords\":[\"D\u00e9terminants sociaux de la sant\u00e9\",\"RCSdTP\"],\"articleSection\":[\"Activit\u00e9s du RCSdTP\",\"Nouvelles\",\"Pr\u00e9sentations ou Webinaires SDTP\",\"Sant\u00e9 dans toutes les politiques\",\"Webinaires\"],\"inLanguage\":\"fr-FR\"},{\"@type\":\"WebPage\",\"@id\":\"https:\\\/\\\/ccnpps-ncchpp.ca\\\/fr\\\/webinaire-communiquer-entre-les-secteurs-sur-les-determinants-sociaux-de-la-sante-les-piliers-de-la-sante\\\/\",\"url\":\"https:\\\/\\\/ccnpps-ncchpp.ca\\\/fr\\\/webinaire-communiquer-entre-les-secteurs-sur-les-determinants-sociaux-de-la-sante-les-piliers-de-la-sante\\\/\",\"name\":\"Webinaire \u2013 Communiquer entre les secteurs sur les d\u00e9terminants sociaux de la sant\u00e9 : les piliers de la sant\u00e9 - Centre de collaboration nationale sur les politiques publiques et la sant\u00e9\",\"isPartOf\":{\"@id\":\"https:\\\/\\\/ccnpps-ncchpp.ca\\\/fr\\\/#website\"},\"primaryImageOfPage\":{\"@id\":\"https:\\\/\\\/ccnpps-ncchpp.ca\\\/fr\\\/webinaire-communiquer-entre-les-secteurs-sur-les-determinants-sociaux-de-la-sante-les-piliers-de-la-sante\\\/#primaryimage\"},\"image\":{\"@id\":\"https:\\\/\\\/ccnpps-ncchpp.ca\\\/fr\\\/webinaire-communiquer-entre-les-secteurs-sur-les-determinants-sociaux-de-la-sante-les-piliers-de-la-sante\\\/#primaryimage\"},\"thumbnailUrl\":\"https:\\\/\\\/ccnpps-ncchpp.ca\\\/wp-content\\\/uploads\\\/2026\\\/08\\\/VIGNETTE-FR-300X400.png\",\"datePublished\":\"2026-08-28T11:00:41+00:00\",\"dateModified\":\"2026-09-01T14:15:09+00:00\",\"description\":\"D\u00e9couvrez comment des strat\u00e9gies de communication efficaces peuvent soutenir la mobilisation de diff\u00e9rents secteurs en influen\u00e7ant la mani\u00e8re dont les gens comprennent les d\u00e9terminants sociaux de la sant\u00e9. Joignez-vous \u00e0 nous le 17 septembre prochain!\",\"breadcrumb\":{\"@id\":\"https:\\\/\\\/ccnpps-ncchpp.ca\\\/fr\\\/webinaire-communiquer-entre-les-secteurs-sur-les-determinants-sociaux-de-la-sante-les-piliers-de-la-sante\\\/#breadcrumb\"},\"inLanguage\":\"fr-FR\",\"potentialAction\":[{\"@type\":\"ReadAction\",\"target\":[\"https:\\\/\\\/ccnpps-ncchpp.ca\\\/fr\\\/webinaire-communiquer-entre-les-secteurs-sur-les-determinants-sociaux-de-la-sante-les-piliers-de-la-sante\\\/\"]}]},{\"@type\":\"ImageObject\",\"inLanguage\":\"fr-FR\",\"@id\":\"https:\\\/\\\/ccnpps-ncchpp.ca\\\/fr\\\/webinaire-communiquer-entre-les-secteurs-sur-les-determinants-sociaux-de-la-sante-les-piliers-de-la-sante\\\/#primaryimage\",\"url\":\"https:\\\/\\\/ccnpps-ncchpp.ca\\\/wp-content\\\/uploads\\\/2026\\\/08\\\/VIGNETTE-FR-300X400.png\",\"contentUrl\":\"https:\\\/\\\/ccnpps-ncchpp.ca\\\/wp-content\\\/uploads\\\/2026\\\/08\\\/VIGNETTE-FR-300X400.png\",\"width\":300,\"height\":400},{\"@type\":\"BreadcrumbList\",\"@id\":\"https:\\\/\\\/ccnpps-ncchpp.ca\\\/fr\\\/webinaire-communiquer-entre-les-secteurs-sur-les-determinants-sociaux-de-la-sante-les-piliers-de-la-sante\\\/#breadcrumb\",\"itemListElement\":[{\"@type\":\"ListItem\",\"position\":1,\"name\":\"Accueil\",\"item\":\"https:\\\/\\\/ccnpps-ncchpp.ca\\\/fr\\\/\"},{\"@type\":\"ListItem\",\"position\":2,\"name\":\"Webinaire \u2013 Communiquer entre les secteurs sur les d\u00e9terminants sociaux de la sant\u00e9 : les piliers de la sant\u00e9\"}]},{\"@type\":\"WebSite\",\"@id\":\"https:\\\/\\\/ccnpps-ncchpp.ca\\\/fr\\\/#website\",\"url\":\"https:\\\/\\\/ccnpps-ncchpp.ca\\\/fr\\\/\",\"name\":\"Centre de collaboration nationale sur les politiques publiques et la sant\u00e9\",\"description\":\"\",\"publisher\":{\"@id\":\"https:\\\/\\\/ccnpps-ncchpp.ca\\\/fr\\\/#organization\"},\"potentialAction\":[{\"@type\":\"SearchAction\",\"target\":{\"@type\":\"EntryPoint\",\"urlTemplate\":\"https:\\\/\\\/ccnpps-ncchpp.ca\\\/fr\\\/?s={search_term_string}\"},\"query-input\":{\"@type\":\"PropertyValueSpecification\",\"valueRequired\":true,\"valueName\":\"search_term_string\"}}],\"inLanguage\":\"fr-FR\"},{\"@type\":\"Organization\",\"@id\":\"https:\\\/\\\/ccnpps-ncchpp.ca\\\/fr\\\/#organization\",\"name\":\"National Collaborating Centre for Healthy Public Policy\",\"alternateName\":\"CCNPPS\",\"url\":\"https:\\\/\\\/ccnpps-ncchpp.ca\\\/fr\\\/\",\"logo\":{\"@type\":\"ImageObject\",\"inLanguage\":\"fr-FR\",\"@id\":\"https:\\\/\\\/ccnpps-ncchpp.ca\\\/fr\\\/#\\\/schema\\\/logo\\\/image\\\/\",\"url\":\"https:\\\/\\\/ccnpps-ncchpp.ca\\\/wp-content\\\/uploads\\\/2021\\\/05\\\/Logorond250px.jpg\",\"contentUrl\":\"https:\\\/\\\/ccnpps-ncchpp.ca\\\/wp-content\\\/uploads\\\/2021\\\/05\\\/Logorond250px.jpg\",\"width\":250,\"height\":250,\"caption\":\"National Collaborating Centre for Healthy Public Policy\"},\"image\":{\"@id\":\"https:\\\/\\\/ccnpps-ncchpp.ca\\\/fr\\\/#\\\/schema\\\/logo\\\/image\\\/\"},\"sameAs\":[\"https:\\\/\\\/www.facebook.com\\\/CCNPPS.NCCHPP\",\"https:\\\/\\\/x.com\\\/NCCHPP\",\"https:\\\/\\\/twitter.com\\\/CCNPPS\"]},{\"@type\":\"Person\",\"@id\":\"https:\\\/\\\/ccnpps-ncchpp.ca\\\/fr\\\/#\\\/schema\\\/person\\\/a5ced452619e1398edd94ef208f17458\",\"name\":\"admin\",\"url\":\"https:\\\/\\\/ccnpps-ncchpp.ca\\\/fr\\\/author\\\/mylene\\\/\"}]}<\/script>\n<!-- \/ Yoast SEO Premium plugin. -->","yoast_head_json":{"title":"Webinaire \u2013 Communiquer entre les secteurs sur les d\u00e9terminants sociaux de la sant\u00e9 : les piliers de la sant\u00e9 - Centre de collaboration nationale sur les politiques publiques et la sant\u00e9","description":"D\u00e9couvrez comment des strat\u00e9gies de communication efficaces peuvent soutenir la mobilisation de diff\u00e9rents secteurs en influen\u00e7ant la mani\u00e8re dont les gens comprennent les d\u00e9terminants sociaux de la sant\u00e9. Joignez-vous \u00e0 nous le 17 septembre prochain!","robots":{"index":"index","follow":"follow","max-snippet":"max-snippet:-1","max-image-preview":"max-image-preview:large","max-video-preview":"max-video-preview:-1"},"canonical":"https:\/\/ccnpps-ncchpp.ca\/fr\/webinaire-communiquer-entre-les-secteurs-sur-les-determinants-sociaux-de-la-sante-les-piliers-de-la-sante\/","og_locale":"fr_FR","og_type":"article","og_title":"Webinaire \u2013 Communiquer entre les secteurs sur les d\u00e9terminants sociaux de la sant\u00e9 : les piliers de la sant\u00e9","og_description":"D\u00e9couvrez comment des strat\u00e9gies de communication efficaces peuvent soutenir la mobilisation de diff\u00e9rents secteurs en influen\u00e7ant la mani\u00e8re dont les gens comprennent les d\u00e9terminants sociaux de la sant\u00e9. Joignez-vous \u00e0 nous le 17 septembre prochain!","og_url":"https:\/\/ccnpps-ncchpp.ca\/fr\/webinaire-communiquer-entre-les-secteurs-sur-les-determinants-sociaux-de-la-sante-les-piliers-de-la-sante\/","og_site_name":"Centre de collaboration nationale sur les politiques publiques et la sant\u00e9","article_publisher":"https:\/\/www.facebook.com\/CCNPPS.NCCHPP","article_published_time":"2026-08-28T11:00:41+00:00","article_modified_time":"2026-09-01T14:15:09+00:00","og_image":[{"width":300,"height":400,"url":"https:\/\/ccnpps-ncchpp.ca\/wp-content\/uploads\/2026\/08\/VIGNETTE-FR-300X400.png","type":"image\/png"}],"author":"admin","twitter_card":"summary_large_image","twitter_creator":"@NCCHPP","twitter_site":"@NCCHPP","twitter_misc":{"\u00c9crit par":"admin","Dur\u00e9e de lecture estim\u00e9e":"5 minutes"},"schema":{"@context":"https:\/\/schema.org","@graph":[{"@type":"Article","@id":"https:\/\/ccnpps-ncchpp.ca\/fr\/webinaire-communiquer-entre-les-secteurs-sur-les-determinants-sociaux-de-la-sante-les-piliers-de-la-sante\/#article","isPartOf":{"@id":"https:\/\/ccnpps-ncchpp.ca\/fr\/webinaire-communiquer-entre-les-secteurs-sur-les-determinants-sociaux-de-la-sante-les-piliers-de-la-sante\/"},"author":{"name":"admin","@id":"https:\/\/ccnpps-ncchpp.ca\/fr\/#\/schema\/person\/a5ced452619e1398edd94ef208f17458"},"headline":"Webinaire \u2013 Communiquer entre les secteurs sur les d\u00e9terminants sociaux de la sant\u00e9 : les piliers de la sant\u00e9","datePublished":"2026-08-28T11:00:41+00:00","dateModified":"2026-09-01T14:15:09+00:00","mainEntityOfPage":{"@id":"https:\/\/ccnpps-ncchpp.ca\/fr\/webinaire-communiquer-entre-les-secteurs-sur-les-determinants-sociaux-de-la-sante-les-piliers-de-la-sante\/"},"wordCount":1112,"publisher":{"@id":"https:\/\/ccnpps-ncchpp.ca\/fr\/#organization"},"image":{"@id":"https:\/\/ccnpps-ncchpp.ca\/fr\/webinaire-communiquer-entre-les-secteurs-sur-les-determinants-sociaux-de-la-sante-les-piliers-de-la-sante\/#primaryimage"},"thumbnailUrl":"https:\/\/ccnpps-ncchpp.ca\/wp-content\/uploads\/2026\/08\/VIGNETTE-FR-300X400.png","keywords":["D\u00e9terminants sociaux de la sant\u00e9","RCSdTP"],"articleSection":["Activit\u00e9s du RCSdTP","Nouvelles","Pr\u00e9sentations ou Webinaires SDTP","Sant\u00e9 dans toutes les politiques","Webinaires"],"inLanguage":"fr-FR"},{"@type":"WebPage","@id":"https:\/\/ccnpps-ncchpp.ca\/fr\/webinaire-communiquer-entre-les-secteurs-sur-les-determinants-sociaux-de-la-sante-les-piliers-de-la-sante\/","url":"https:\/\/ccnpps-ncchpp.ca\/fr\/webinaire-communiquer-entre-les-secteurs-sur-les-determinants-sociaux-de-la-sante-les-piliers-de-la-sante\/","name":"Webinaire \u2013 Communiquer entre les secteurs sur les d\u00e9terminants sociaux de la sant\u00e9 : les piliers de la sant\u00e9 - Centre de collaboration nationale sur les politiques publiques et la sant\u00e9","isPartOf":{"@id":"https:\/\/ccnpps-ncchpp.ca\/fr\/#website"},"primaryImageOfPage":{"@id":"https:\/\/ccnpps-ncchpp.ca\/fr\/webinaire-communiquer-entre-les-secteurs-sur-les-determinants-sociaux-de-la-sante-les-piliers-de-la-sante\/#primaryimage"},"image":{"@id":"https:\/\/ccnpps-ncchpp.ca\/fr\/webinaire-communiquer-entre-les-secteurs-sur-les-determinants-sociaux-de-la-sante-les-piliers-de-la-sante\/#primaryimage"},"thumbnailUrl":"https:\/\/ccnpps-ncchpp.ca\/wp-content\/uploads\/2026\/08\/VIGNETTE-FR-300X400.png","datePublished":"2026-08-28T11:00:41+00:00","dateModified":"2026-09-01T14:15:09+00:00","description":"D\u00e9couvrez comment des strat\u00e9gies de communication efficaces peuvent soutenir la mobilisation de diff\u00e9rents secteurs en influen\u00e7ant la mani\u00e8re dont les gens comprennent les d\u00e9terminants sociaux de la sant\u00e9. Joignez-vous \u00e0 nous le 17 septembre prochain!","breadcrumb":{"@id":"https:\/\/ccnpps-ncchpp.ca\/fr\/webinaire-communiquer-entre-les-secteurs-sur-les-determinants-sociaux-de-la-sante-les-piliers-de-la-sante\/#breadcrumb"},"inLanguage":"fr-FR","potentialAction":[{"@type":"ReadAction","target":["https:\/\/ccnpps-ncchpp.ca\/fr\/webinaire-communiquer-entre-les-secteurs-sur-les-determinants-sociaux-de-la-sante-les-piliers-de-la-sante\/"]}]},{"@type":"ImageObject","inLanguage":"fr-FR","@id":"https:\/\/ccnpps-ncchpp.ca\/fr\/webinaire-communiquer-entre-les-secteurs-sur-les-determinants-sociaux-de-la-sante-les-piliers-de-la-sante\/#primaryimage","url":"https:\/\/ccnpps-ncchpp.ca\/wp-content\/uploads\/2026\/08\/VIGNETTE-FR-300X400.png","contentUrl":"https:\/\/ccnpps-ncchpp.ca\/wp-content\/uploads\/2026\/08\/VIGNETTE-FR-300X400.png","width":300,"height":400},{"@type":"BreadcrumbList","@id":"https:\/\/ccnpps-ncchpp.ca\/fr\/webinaire-communiquer-entre-les-secteurs-sur-les-determinants-sociaux-de-la-sante-les-piliers-de-la-sante\/#breadcrumb","itemListElement":[{"@type":"ListItem","position":1,"name":"Accueil","item":"https:\/\/ccnpps-ncchpp.ca\/fr\/"},{"@type":"ListItem","position":2,"name":"Webinaire \u2013 Communiquer entre les secteurs sur les d\u00e9terminants sociaux de la sant\u00e9 : les piliers de la sant\u00e9"}]},{"@type":"WebSite","@id":"https:\/\/ccnpps-ncchpp.ca\/fr\/#website","url":"https:\/\/ccnpps-ncchpp.ca\/fr\/","name":"Centre de collaboration nationale sur les politiques publiques et la sant\u00e9","description":"","publisher":{"@id":"https:\/\/ccnpps-ncchpp.ca\/fr\/#organization"},"potentialAction":[{"@type":"SearchAction","target":{"@type":"EntryPoint","urlTemplate":"https:\/\/ccnpps-ncchpp.ca\/fr\/?s={search_term_string}"},"query-input":{"@type":"PropertyValueSpecification","valueRequired":true,"valueName":"search_term_string"}}],"inLanguage":"fr-FR"},{"@type":"Organization","@id":"https:\/\/ccnpps-ncchpp.ca\/fr\/#organization","name":"National Collaborating Centre for Healthy Public Policy","alternateName":"CCNPPS","url":"https:\/\/ccnpps-ncchpp.ca\/fr\/","logo":{"@type":"ImageObject","inLanguage":"fr-FR","@id":"https:\/\/ccnpps-ncchpp.ca\/fr\/#\/schema\/logo\/image\/","url":"https:\/\/ccnpps-ncchpp.ca\/wp-content\/uploads\/2021\/05\/Logorond250px.jpg","contentUrl":"https:\/\/ccnpps-ncchpp.ca\/wp-content\/uploads\/2021\/05\/Logorond250px.jpg","width":250,"height":250,"caption":"National Collaborating Centre for Healthy Public Policy"},"image":{"@id":"https:\/\/ccnpps-ncchpp.ca\/fr\/#\/schema\/logo\/image\/"},"sameAs":["https:\/\/www.facebook.com\/CCNPPS.NCCHPP","https:\/\/x.com\/NCCHPP","https:\/\/twitter.com\/CCNPPS"]},{"@type":"Person","@id":"https:\/\/ccnpps-ncchpp.ca\/fr\/#\/schema\/person\/a5ced452619e1398edd94ef208f17458","name":"admin","url":"https:\/\/ccnpps-ncchpp.ca\/fr\/author\/mylene\/"}]}},"_links":{"self":[{"href":"https:\/\/ccnpps-ncchpp.ca\/fr\/wp-json\/wp\/v2\/posts\/31222","targetHints":{"allow":["GET"]}}],"collection":[{"href":"https:\/\/ccnpps-ncchpp.ca\/fr\/wp-json\/wp\/v2\/posts"}],"about":[{"href":"https:\/\/ccnpps-ncchpp.ca\/fr\/wp-json\/wp\/v2\/types\/post"}],"author":[{"embeddable":true,"href":"https:\/\/ccnpps-ncchpp.ca\/fr\/wp-json\/wp\/v2\/users\/2"}],"replies":[{"embeddable":true,"href":"https:\/\/ccnpps-ncchpp.ca\/fr\/wp-json\/wp\/v2\/comments?post=31222"}],"version-history":[{"count":16,"href":"https:\/\/ccnpps-ncchpp.ca\/fr\/wp-json\/wp\/v2\/posts\/31222\/revisions"}],"predecessor-version":[{"id":31305,"href":"https:\/\/ccnpps-ncchpp.ca\/fr\/wp-json\/wp\/v2\/posts\/31222\/revisions\/31305"}],"wp:featuredmedia":[{"embeddable":true,"href":"https:\/\/ccnpps-ncchpp.ca\/fr\/wp-json\/wp\/v2\/media\/31261"}],"wp:attachment":[{"href":"https:\/\/ccnpps-ncchpp.ca\/fr\/wp-json\/wp\/v2\/media?parent=31222"}],"wp:term":[{"taxonomy":"category","embeddable":true,"href":"https:\/\/ccnpps-ncchpp.ca\/fr\/wp-json\/wp\/v2\/categories?post=31222"},{"taxonomy":"post_tag","embeddable":true,"href":"https:\/\/ccnpps-ncchpp.ca\/fr\/wp-json\/wp\/v2\/tags?post=31222"}],"curies":[{"name":"wp","href":"https:\/\/api.w.org\/{rel}","templated":true}]}}